{"id":8937,"date":"2019-05-17T13:07:27","date_gmt":"2019-05-17T13:07:27","guid":{"rendered":"https:\/\/www.promendoza.com\/?p=8937"},"modified":"2019-05-27T13:09:35","modified_gmt":"2019-05-27T13:09:35","slug":"vinexpo-bordeaux-nunca-sera-como-antes","status":"publish","type":"post","link":"https:\/\/www.promendoza.com\/es\/vinexpo-bordeaux-nunca-sera-como-antes\/","title":{"rendered":"Vinexpo Bordeaux nunca ser\u00e1 como antes"},"content":{"rendered":"<style type=\"text\/css\"><\/style><h3>Cerrando sus puertas en un balance matizado, la cita de Burdeos promete renovaciones en las pr\u00f3ximas ediciones.<\/h3>\n<p>&nbsp;<\/p>\n<p>Cerrando sus puertas, la\u00a0<strong>vig\u00e9sima edici\u00f3n de Vinexpo Bordeaux<\/strong>\u00a0muestra una ca\u00edda del 30% en visitantes (estimados en menos de 30.000 visitantes) y expositores (1.600 stands).\u00a0\u00abLa realidad de las cifras resalta la\u00a0<strong>necesidad de un cambio radical<\/strong>en la estrategia para relanzar Vinexpo Bordeaux y hacer que viva en armon\u00eda con Vinexpo Paris.\u00a0Necesitamos aprovechar nuestras fortalezas para reinventarnos\u00bb,\u00a0anunci\u00f3\u00a0<strong>Rodolphe Lameyse<\/strong>, el\u00a0<strong>nuevo CEO de Vinexpo Bordeaux<\/strong>, en una declaraci\u00f3n de cierre del programa (se cancel\u00f3 la conferencia de prensa de cierre habitual).<\/p>\n<p>Pero los\u00a0<strong>servicios comerciales<\/strong>\u00a0de Vinexpo hicieron anuncios m\u00e1s espec\u00edficos a los expositores, confirmados por los comentarios del\u00a0<strong>comit\u00e9 estrat\u00e9gico<\/strong>\u00a0de Vinexpo el 14 de mayo.\u00a0Con una nueva f\u00f3rmula que tomar\u00eda un formato anual a partir de 2021, estableci\u00e9ndose en la\u00a0<strong>semana de los primeurs<\/strong>\u00a0(principios de abril).\u00a0Estos rumores se agitaban en los callejones del primer d\u00eda, 13 de mayo, y el cierre, 16 de mayo.\u00a0Y las reacciones son al menos compartidas en las gradas.\u00a0Si la combinaci\u00f3n de\u00a0<strong>Vinexpo Paris y Wine Paris<\/strong>\u00a0generalmente se considera un alivio, el anuncio de que se desarrollar\u00e1n juntas en febrero de 2020\u00a0ya es un desaf\u00edo, as\u00ed como el futuro del posicionamiento internacional de Vinexpo Bordeaux.<\/p>\n<h4><strong>Disminuci\u00f3n<\/strong><\/h4>\n<p>Pero para todos, se necesitaba una\u00a0<strong>reacci\u00f3n fuerte para corregir un evento en declive<\/strong>.\u00a0El de 2019 mostr\u00f3 claramente que ya no es el tama\u00f1o del Vinexpo de la d\u00e9cada de 2000, cuando la reuni\u00f3n bianual reclam\u00f3 el t\u00edtulo de evento insignia del planeta del vino.<\/p>\n<p>Sin embargo, para los presentes por primera vez en el programa, \u00abVinexpo es un evento agradable en t\u00e9rminos de calidad de recepci\u00f3n\u00bb, de acuerdo a lo se\u00f1alado por\u00a0<strong>\u00c9milie Rossi, directora de eventos de\u00a0ch\u00e2teau Minuty\u00a0(Provenza)<\/strong>.\u00a0Satisfecha con los contactos hechos en muchos pa\u00edses nuevos, precisa que \u00ablas apuestas son m\u00e1s altas que\u00a0<strong>ProWein<\/strong>, pero Burdeos es un lugar estrat\u00e9gico para mantener\u00bb, aunque propone\u00a0que ser\u00eda mejor pasar a tres d\u00edas porque \u00abcuatro es demasiado\u00bb.<\/p>\n<h4><strong>Buenas sorpresas<\/strong><\/h4>\n<p>En cuanto a la edici\u00f3n de 2019, Vinexpo cierra sus puertas ante la impresi\u00f3n de una buena sorpresa.\u00a0Preocupados por la\u00a0<strong>contracci\u00f3n cuantitativa<\/strong>\u00a0del evento (-30% de los stands\u00a0y visitantes en comparaci\u00f3n con 2017), la mayor\u00eda de los expositores entrevistados se vieron aliviados por la diversidad de los contactos realizadosy la consolidaci\u00f3n de una exposici\u00f3n en Francia, que\u00a0<strong>contrarresta la feria comercial alemana ProWein<\/strong>.<\/p>\n<div class=\"row peperito general article-box no-margin-sides\">\n<div class=\"col-xs-24 no-padding-sides\"><\/div>\n<\/div>\n<p>Como se ha escuchado en varios stands,\u00a0\u00abno esper\u00e1bamos trabajar tanto\u00bb,\u00a0resume con franqueza\u00a0<strong>David Quillin<\/strong>, de la\u00a0<strong>bodega Tain (Valle del R\u00f3dano)<\/strong>, quien estima\u00a0que Vinexpo \u00abvuelve a su tama\u00f1o humano, mientras que ProWein est\u00e1 creciendo demasiado con los nuevos salones anunciados\u00bb.<\/p>\n<p>Por su parte,\u00a0<strong>Olivier Dupr\u00e9<\/strong>,\u00a0gerente general de la divisi\u00f3n francesa de\u00a0<strong>Henkell Freixenet<\/strong>, explica que \u00abno es la cantidad de contactos lo que hace que el inter\u00e9s de un sal\u00f3n, sino su calidad\u00bb.\u00a0En tanto,\u00a0<strong>Corinne Vonarx<\/strong>, gerente de marketing de la bodega de\u00a0<strong>Turkheim (Alsacia)<\/strong>, agrega que no oculta su pesar: con m\u00e1s personas en los pasillos, habr\u00eda sido un espect\u00e1culo excepcional. \u00abEl balance no es totalmente positivo o negativo.\u00a0Ha habido pocas visitas, pero de calidad\u00bb,\u00a0indica.<\/p>\n<p>Sin embargo,\u00a0para otros, especialmente entre los pasillos de expositores extranjeros, esta expo ha sido muy tranquila. \u00abDemasiado tranquilo. No hubo suficiente visita para que pudi\u00e9ramos considerar continuar viniendo\u00bb, informa\u00a0<strong>Rudolf Senser<\/strong>, de\u00a0<strong>Heinz<\/strong>.<\/p>\n<div class=\"row peperito general article-box no-margin-sides\">\n<div class=\"col-xs-24 no-padding-sides\"><\/div>\n<\/div>\n<p>Para aquellos que est\u00e1n decepcionados con Vinexpo Bordeaux, el desaf\u00edo ahora es convencerlos de que prueben la\u00a0<strong>f\u00f3rmula Vinexpo Par\u00eds + Wine Par\u00eds<\/strong>.<\/p>\n<p>Fuente: Alexandre Abellan para\u00a0<strong><a href=\"https:\/\/www.vitisphere.com\/\" target=\"_blank\" rel=\"noopener noreferrer\">Vitisphere<\/a><\/strong><\/p>\n","protected":false},"excerpt":{"rendered":"<p>Cerrando sus puertas en un balance matizado, la cita de Burdeos promete renovaciones en las pr\u00f3ximas ediciones. &nbsp; Cerrando sus puertas, la\u00a0vig\u00e9sima edici\u00f3n de Vinexpo Bordeaux\u00a0muestra una ca\u00edda del 30%&#8230;<\/p>\n","protected":false},"author":1,"featured_media":8938,"comment_status":"closed","ping_status":"open","sticky":false,"template":"","format":"image","meta":[],"categories":[98],"tags":[],"_links":{"self":[{"href":"https:\/\/www.promendoza.com\/es\/wp-json\/wp\/v2\/posts\/8937"}],"collection":[{"href":"https:\/\/www.promendoza.com\/es\/wp-json\/wp\/v2\/posts"}],"about":[{"href":"https:\/\/www.promendoza.com\/es\/wp-json\/wp\/v2\/types\/post"}],"author":[{"embeddable":true,"href":"https:\/\/www.promendoza.com\/es\/wp-json\/wp\/v2\/users\/1"}],"replies":[{"embeddable":true,"href":"https:\/\/www.promendoza.com\/es\/wp-json\/wp\/v2\/comments?post=8937"}],"version-history":[{"count":1,"href":"https:\/\/www.promendoza.com\/es\/wp-json\/wp\/v2\/posts\/8937\/revisions"}],"predecessor-version":[{"id":8939,"href":"https:\/\/www.promendoza.com\/es\/wp-json\/wp\/v2\/posts\/8937\/revisions\/8939"}],"wp:featuredmedia":[{"embeddable":true,"href":"https:\/\/www.promendoza.com\/es\/wp-json\/wp\/v2\/media\/8938"}],"wp:attachment":[{"href":"https:\/\/www.promendoza.com\/es\/wp-json\/wp\/v2\/media?parent=8937"}],"wp:term":[{"taxonomy":"category","embeddable":true,"href":"https:\/\/www.promendoza.com\/es\/wp-json\/wp\/v2\/categories?post=8937"},{"taxonomy":"post_tag","embeddable":true,"href":"https:\/\/www.promendoza.com\/es\/wp-json\/wp\/v2\/tags?post=8937"}],"curies":[{"name":"wp","href":"https:\/\/api.w.org\/{rel}","templated":true}]}}