{"id":9097,"date":"2019-07-08T14:37:45","date_gmt":"2019-07-08T14:37:45","guid":{"rendered":"https:\/\/www.promendoza.com\/?p=9097"},"modified":"2019-07-12T15:46:34","modified_gmt":"2019-07-12T15:46:34","slug":"la-vision-de-promendoza-sobre-el-acuerdo-entre-el-mercosur-y-la-union-europea","status":"publish","type":"post","link":"https:\/\/www.promendoza.com\/es\/la-vision-de-promendoza-sobre-el-acuerdo-entre-el-mercosur-y-la-union-europea\/","title":{"rendered":"La visi\u00f3n de ProMendoza sobre el acuerdo entre el Mercosur y la Uni\u00f3n Europea"},"content":{"rendered":"<style type=\"text\/css\"><\/style><h3>El gerente del organismo, Fernando Urdaniz, se refiri\u00f3 a algunas cuestiones que encierra el convenio.<\/h3>\n<p>A pocos d\u00edas de haberse iniciado el camino del\u00a0<strong>acuerdo comercial entre el Mercosur y la Uni\u00f3n Europea (UE)\u00a0<\/strong>para que en dos a\u00f1os entre en vigencia el fuerte intercambio comercial, los pasos se encaminan para analizar aspectos fundamentales para alcanzar el objetivo.<\/p>\n<p>M\u00e1s all\u00e1 del optimismo pol\u00edtico del anuncio, sobre todo de nuestro pa\u00eds, vienen fuertes\u00a0<strong>desaf\u00edos\u00a0<\/strong>para que los primeros pasos no queden ah\u00ed. El detenido estudio de la letra chica, las medidas de salvaguarda que ya est\u00e1n impl\u00edcitas en las negociaciones y bajar los niveles de proteccionismo que los caracteriza a ambos bloques macroecon\u00f3micos, constituye la bater\u00eda de la sostenida negociaci\u00f3n.<\/p>\n<p>Sobre esta cuesti\u00f3n,\u00a0<em>El Ciudadano<\/em> mantuvo un di\u00e1logo exclusivo con el gerente de un organismo que tiene autoridad para hablar de todo lo que ha significado una intensa antesala que viene desde 1996.<\/p>\n<div id=\"notas\">\n<div id=\"notapage_texto\" class=\"notapage_cuerpo\">\n<p>A pocos d\u00edas de haberse iniciado el camino del\u00a0<strong>acuerdo comercial entre el Mercosur y la Uni\u00f3n Europea (UE)\u00a0<\/strong>para que en dos a\u00f1os entre en vigencia el fuerte intercambio comercial, los pasos se encaminan para analizar aspectos fundamentales para alcanzar el objetivo.<\/p>\n<p>M\u00e1s all\u00e1 del optimismo pol\u00edtico del anuncio, sobre todo de nuestro pa\u00eds, vienen fuertes\u00a0<strong>desaf\u00edos\u00a0<\/strong>para que los primeros pasos no queden ah\u00ed. El detenido estudio de la letra chica, las medidas de salvaguarda que ya est\u00e1n impl\u00edcitas en las negociaciones y bajar los niveles de proteccionismo que los caracteriza a ambos bloques macroecon\u00f3micos, constituye la bater\u00eda de la sostenida negociaci\u00f3n.<\/p>\n<p>Sobre esta cuesti\u00f3n,\u00a0<em>El Ciudadano<\/em>\u00a0mantuvo un di\u00e1logo exclusivo con el gerente de un organismo que tiene autoridad para hablar de todo lo que ha significado una intensa antesala que viene desde 1996.<\/p>\n<div class=\"link_a_nota_propia\">\n<div class=\"caja-interior-lnp\">\n<h2><span style=\"font-size: 16px;\">Se trata <\/span><strong style=\"font-size: 16px;\">Fernando Urdaniz, funcionario de ProMendoza<\/strong><span style=\"font-size: 16px;\">, quien record\u00f3 que \u201c<\/span><strong style=\"font-size: 16px;\">las negociaciones entre el Mercosur y la UE se iniciaron en 1995 y el comienzo de la tarea de ProMendoza fue en 1996<\/strong><span style=\"font-size: 16px;\">, una clara demostraci\u00f3n de que pr\u00e1cticamente estamos desde el punto inicial de las negociaciones\u201d.\u00a0<\/span><\/h2>\n<\/div>\n<\/div>\n<p>\u201cPero hay otro detalle:\u00a0<strong>hace tres a\u00f1os que nuestro organismo cre\u00f3 un \u00e1rea de negociaciones internacionales que tiene como objetivo recabar informaci\u00f3n de los distintos sectores econ\u00f3micos<\/strong>\u00a0de la provincia\u201d, agreg\u00f3.<\/p>\n<p>\u201cCon toda esa informaci\u00f3n hemos ido a la Canciller\u00eda de nuestro pa\u00eds y tambi\u00e9n a los distintos negociadores de diferentes ministerios de la Naci\u00f3n para mostrar la\u00a0<strong>posici\u00f3n de todo lo que produce Mendoza<\/strong>, ante la posibilidad de negociar con diferentes pa\u00edses del mundo. Con este sistema se toc\u00f3 a la Uni\u00f3n Europea\u201d, explic\u00f3.<\/p>\n<h2><strong>Letra chica para equilibrar el intercambio entre bloques<\/strong><\/h2>\n<p>Para el gerente de ProMendoza, comenz\u00f3 el gran tiempo de estudio: \u201c<strong>Creo que este paso acordado entre los dos bloques macroecon\u00f3micos, en t\u00e9rminos generales, es beneficioso<\/strong>.\u00a0<strong>Mucho m\u00e1s para la Argentina y sobre todo para Mendoza<\/strong>\u201d.<\/p>\n<p>Al responder sobre el contenido del tratado, consider\u00f3 que \u201c<strong>la letra chica del acuerdo pone obst\u00e1culos en el caso de que existan demasiadas exportaciones o importaciones de un lado hacia otro<\/strong>, es decir, que va poniendo l\u00edmites\u201d.<\/p>\n<p>Y sum\u00f3 que \u201cadem\u00e1s esa letra chica contiene medidas de salvaguarda que se ejemplifican cuando por importar un producto de un bloque o del otro se produce da\u00f1o al sector. Por eso,\u00a0<strong>el pa\u00eds o el bloque puede aplicar aranceles para frenar la importaci\u00f3n o el ingreso de ese producto que perjudique a un sector<\/strong>\u201d.<\/p>\n<h2><strong>El desaf\u00edo: los aranceles y el proteccionismo de bloques<\/strong><\/h2>\n<p>Sobre el tema arancelario, Urdaniz dijo: \u201cRecordemos que\u00a0<strong>el Mercosur tiene un arancel externo com\u00fan del 35%<\/strong>. Algo que deber\u00eda bajar, pero conformamos un bloque proteccionista, y tambi\u00e9n lo es la Uni\u00f3n Europea. Es decir, que\u00a0<strong>las medidas de salvaguarda pueden ser utilizadas en demas\u00eda de un lado o del otro para continuar protegiendo a sus industrias<\/strong>,<strong>\u00a0lo que trabar\u00eda o ser\u00eda negativo para el libre comercio<\/strong>\u201d.<\/p>\n<p>\u201cPor eso \u2013acot\u00f3-\u00a0<strong>el gran desaf\u00edo del acuerdo Mercosur-UE es bajar los aranceles para fomentar las exportaciones de uno y otro lado<\/strong>. En nuestro caso, no solo lo que ya estamos exportando, sino que producir\u00e1 un importante incremento. A prop\u00f3sito,\u00a0<strong>por el lado mendocino tenemos sectores productivos sensibles, como el oliv\u00edcola, el durazno y el ajo. Por el lado de los vinos, no ser\u00eda nuestra preocupaci\u00f3n, sino de Brasil<\/strong>\u201d.<\/p>\n<p>Finalmente Urdaniz vaticin\u00f3: \u201cMe parece que\u00a0<strong>como en todo acuerdo habr\u00e1 pro y contras<\/strong>. Por ahora, por m\u00e1s que uno analice la letra chica, digamos esto s\u00ed y esto no y salgan los pol\u00edticos a hablar,\u00a0<strong>lo fundamental es que el tratado comience a funcionar.<\/strong>\u00a0Una vez en ese estado se ver\u00e1 si el acuerdo es posible, que yo creo que lo es\u201d.<\/p>\n<p><a href=\"https:\/\/www.ciudadanodiario.com.ar\/autor\/daniel-gallardo\"><img src=\"https:\/\/pxb.cdn.ciudadanodiario.com.ar\/ciudadano\/596d069c158340001033b9cd\/1511384365519.jpg?cw=45&#038;ch=45\" \/>\u00a0<\/a><a class=\"np_firmante\" href=\"https:\/\/www.ciudadanodiario.com.ar\/autor\/daniel-gallardo\">Por\u00a0DANIEL GALLARDO<\/a>\u00a0<a href=\"https:\/\/www.ciudadanodiario.com.ar\/autor\/daniel-gallardo\"><span class=\"biografia\">Periodista Diario El Ciudadano\u00a0<\/span><\/a><\/p>\n<\/div>\n<\/div>\n","protected":false},"excerpt":{"rendered":"<p>El gerente del organismo, Fernando Urdaniz, se refiri\u00f3 a algunas cuestiones que encierra el convenio. A pocos d\u00edas de haberse iniciado el camino del\u00a0acuerdo comercial entre el Mercosur y la&#8230;<\/p>\n","protected":false},"author":1,"featured_media":9098,"comment_status":"closed","ping_status":"open","sticky":false,"template":"","format":"image","meta":[],"categories":[100],"tags":[],"_links":{"self":[{"href":"https:\/\/www.promendoza.com\/es\/wp-json\/wp\/v2\/posts\/9097"}],"collection":[{"href":"https:\/\/www.promendoza.com\/es\/wp-json\/wp\/v2\/posts"}],"about":[{"href":"https:\/\/www.promendoza.com\/es\/wp-json\/wp\/v2\/types\/post"}],"author":[{"embeddable":true,"href":"https:\/\/www.promendoza.com\/es\/wp-json\/wp\/v2\/users\/1"}],"replies":[{"embeddable":true,"href":"https:\/\/www.promendoza.com\/es\/wp-json\/wp\/v2\/comments?post=9097"}],"version-history":[{"count":1,"href":"https:\/\/www.promendoza.com\/es\/wp-json\/wp\/v2\/posts\/9097\/revisions"}],"predecessor-version":[{"id":9099,"href":"https:\/\/www.promendoza.com\/es\/wp-json\/wp\/v2\/posts\/9097\/revisions\/9099"}],"wp:featuredmedia":[{"embeddable":true,"href":"https:\/\/www.promendoza.com\/es\/wp-json\/wp\/v2\/media\/9098"}],"wp:attachment":[{"href":"https:\/\/www.promendoza.com\/es\/wp-json\/wp\/v2\/media?parent=9097"}],"wp:term":[{"taxonomy":"category","embeddable":true,"href":"https:\/\/www.promendoza.com\/es\/wp-json\/wp\/v2\/categories?post=9097"},{"taxonomy":"post_tag","embeddable":true,"href":"https:\/\/www.promendoza.com\/es\/wp-json\/wp\/v2\/tags?post=9097"}],"curies":[{"name":"wp","href":"https:\/\/api.w.org\/{rel}","templated":true}]}}