{"id":9160,"date":"2019-07-31T12:43:41","date_gmt":"2019-07-31T12:43:41","guid":{"rendered":"https:\/\/www.promendoza.com\/?p=9160"},"modified":"2019-08-01T12:53:24","modified_gmt":"2019-08-01T12:53:24","slug":"america-latina-ofrece-oportunidades-para-las-franquicias-mendocinas","status":"publish","type":"post","link":"https:\/\/www.promendoza.com\/es\/america-latina-ofrece-oportunidades-para-las-franquicias-mendocinas\/","title":{"rendered":"AM\u00c9RICA LATINA OFRECE OPORTUNIDADES  PARA LAS FRANQUICIAS MENDOCINAS"},"content":{"rendered":"<style type=\"text\/css\"><\/style><h3>El titular de Bianco &#038; Nero y miembro del Consorcio Franquicias Mendoza, Roberto Ag\u00fcero, particip\u00f3 recientemente de la Feria de Franquicias en Costa Rica, junto al gerente de ProMendoza, Fernando Urdaniz. Se trata de la 10\u00aa edici\u00f3n de la Expo regional, que se organiza alternativamente en Panam\u00e1, Costa Rica y Rep\u00fablica Dominicana.<\/h3>\n<p>\u201cLa Expo Franquicias es para este sector comercial, la puerta de entrada a los mercados del centro de Am\u00e9rica con m\u00e1s de 70 expositores de los rubros m\u00e1s variados, y que ofrece propuestas de inversi\u00f3n para quienes quieran diversificar sus ingresos\u201d coment\u00f3 el gerente Fernando Urdaniz.<\/p>\n<p>Urdaniz tambi\u00e9n resalt\u00f3 la labor de la Embajadora Argentina en Costa Rica, Patricia Gim\u00e9nez. \u201cEs una persona muy proactiva, est\u00e1 ocupada en contribuir con acciones para que las empresas realicen negocios con el pa\u00eds en donde nos representa. Estamos muy agradecidos tambi\u00e9n, porque con su colaboraci\u00f3n, nos reunimos con Procomer, que es la agencia de Comercio Exterior n\u00famero 1 en el mundo de 2015 a la fecha, porque desde ProMendoza buscamos permanentemente seguir creciendo en nuestros procesos internos, para lograr mayor eficiencia en beneficio de las empresas\u201d.<\/p>\n<p>Patricia Gim\u00e9nez, la diplom\u00e1tica mendocina que actualmente es embajadora argentina en Costa Rica, asegur\u00f3 que \u201cla visita del empresario Roberto Ag\u00fcero la semana pasada nos parece que va a dar excelentes frutos, porque Costa Rica ofrece uno de los insumos b\u00e1sicos que es el cacao, pero que actualmente necesita m\u00e1s desarrollo de valor agregado, que es el conocimiento que nos ofrece el empresario mendocino. Por lo que conf\u00edo que podr\u00e1 lograrse una sinergia permanentemente, adem\u00e1s de concretarse un negocio\u201d expres\u00f3 Gim\u00e9nez.<\/p>\n<p>Adem\u00e1s, Patricia Gim\u00e9nez, destac\u00f3 que el pa\u00eds en donde representa a Argentina como diplom\u00e1tica \u201ces un buen destino para empresas pymes, con buen poder adquisitivo que les permiten a los productores y a los empresarios m\u00e1s peque\u00f1os hacer sus primeras experiencias exportadoras\u201d.<\/p>\n<p><strong>Nace un nuevo negocio<\/strong><\/p>\n<p>Durante la visita a la feria Ag\u00fcero conoci\u00f3 a los responsables de Francorp, la empresa l\u00edder en consultor\u00eda de franquicias, que se mostraron interesados en adquirir la franquicia como negocio adicional, con perspectivas a extenderse a Centroam\u00e9rica y Estados Unidos.<\/p>\n<p>\u201cEstamos desarrollando todos los escenarios econ\u00f3micos financieros, estudio de viabilidad, incluso desarrollando un plan de negocios, con la idea de cerrar el negocio a fines de este a\u00f1o\u201d explic\u00f3 Ag\u00fcero.<\/p>\n<p>\u201cAdem\u00e1s tenemos otra persona interesada en adquirir la Master franquicia de nuestro negocio para manejar la marca en toda Costa Rica\u201d, complet\u00f3 Roberto Ag\u00fcero.<\/p>\n<p><a href=\"https:\/\/www.promendoza.com\/wp-content\/uploads\/2019\/08\/Expofranquicias.jpg\"><img loading=\"lazy\" class=\" wp-image-9162 alignleft\" src=\"https:\/\/www.promendoza.com\/wp-content\/uploads\/2019\/08\/Expofranquicias-300x169.jpg\" alt=\"\" width=\"433\" height=\"244\" srcset=\"https:\/\/www.promendoza.com\/wp-content\/uploads\/2019\/08\/Expofranquicias-300x169.jpg 300w, https:\/\/www.promendoza.com\/wp-content\/uploads\/2019\/08\/Expofranquicias-768x432.jpg 768w, https:\/\/www.promendoza.com\/wp-content\/uploads\/2019\/08\/Expofranquicias-1024x576.jpg 1024w, https:\/\/www.promendoza.com\/wp-content\/uploads\/2019\/08\/Expofranquicias-580x326.jpg 580w, https:\/\/www.promendoza.com\/wp-content\/uploads\/2019\/08\/Expofranquicias-820x461.jpg 820w, https:\/\/www.promendoza.com\/wp-content\/uploads\/2019\/08\/Expofranquicias-1160x653.jpg 1160w, https:\/\/www.promendoza.com\/wp-content\/uploads\/2019\/08\/Expofranquicias.jpg 1280w\" sizes=\"(max-width: 433px) 100vw, 433px\" \/><\/a><\/p>\n<p>Al referirse a la feria de Franquicias de Costa Rica, Ag\u00fcero asegur\u00f3\u00a0 \u201cFue muy interesante comprobar nuevamente que el modelo de negocio que planteamos en Mendoza, tiene oportunidades y que la feria que visitamos, con m\u00e1s de 10 a\u00f1os de experiencia, fue muy similar a la que montamos en Mendoza este a\u00f1o. Siempre es bueno comprobar que estamos haciendo un buen camino con el consorcio de franquicias de la provincia\u201d manifest\u00f3 Ag\u00fcero, quien participa de dicho consorcio fundado en ProMendoza.<\/p>\n<p><strong>Oportunidades en Costa Rica<\/strong><\/p>\n<p>Por su parte Gim\u00e9nez subray\u00f3 que \u201chemos generado un proyecto conjunto con el Instituto Iberoamericano de Cooperaci\u00f3n Agr\u00edcola\u00a0 para productos tienen oportunidades de comercializaci\u00f3n tanto aqu\u00ed como en Argentina, y puntualmente de Mendoza, para contribuir a la concreci\u00f3n de negocios de manera bilateral. Adem\u00e1s estamos trabajando con entidades intermedias para disminuir los tr\u00e1mites de exportaci\u00f3n para beneficio de las empresas que realizan el negocio\u201d.<a href=\"https:\/\/www.promendoza.com\/wp-content\/uploads\/2019\/08\/50545513-5f61-4b7a-a6ca-e09ab58e8bdb.jpg\"><img loading=\"lazy\" class=\" wp-image-9163 alignright\" src=\"https:\/\/www.promendoza.com\/wp-content\/uploads\/2019\/08\/50545513-5f61-4b7a-a6ca-e09ab58e8bdb-300x225.jpg\" alt=\"\" width=\"356\" height=\"267\" srcset=\"https:\/\/www.promendoza.com\/wp-content\/uploads\/2019\/08\/50545513-5f61-4b7a-a6ca-e09ab58e8bdb-300x225.jpg 300w, https:\/\/www.promendoza.com\/wp-content\/uploads\/2019\/08\/50545513-5f61-4b7a-a6ca-e09ab58e8bdb-768x576.jpg 768w, https:\/\/www.promendoza.com\/wp-content\/uploads\/2019\/08\/50545513-5f61-4b7a-a6ca-e09ab58e8bdb.jpg 1024w, https:\/\/www.promendoza.com\/wp-content\/uploads\/2019\/08\/50545513-5f61-4b7a-a6ca-e09ab58e8bdb-580x435.jpg 580w, https:\/\/www.promendoza.com\/wp-content\/uploads\/2019\/08\/50545513-5f61-4b7a-a6ca-e09ab58e8bdb-820x615.jpg 820w\" sizes=\"(max-width: 356px) 100vw, 356px\" \/><\/a><\/p>\n<p>Para concluir Gim\u00e9nez recalc\u00f3 la labor de ProMendoza que \u201cporque es un organismo que busca mercados permanentemente y puntualmente por valorar este destino, que es muy rico para los empresarios mendocinos\u201d.<\/p>\n<p>&nbsp;<\/p>\n<p>Gim\u00e9nez acentu\u00f3 que \u201cdesde ac\u00e1 se ve la diferencia con otros provincias argentinas de las cuales no hemos recibido ninguna visita ni contacto, lo que refleja la falta de inter\u00e9s. Sin embargo en el \u00faltimo a\u00f1o hemos recibido al menos 5 misiones de empresarios, y en todos los casos con representantes de Mendoza\u201d.<\/p>\n","protected":false},"excerpt":{"rendered":"<p>El titular de Bianco &#038; Nero y miembro del Consorcio Franquicias Mendoza, Roberto Ag\u00fcero, particip\u00f3 recientemente de la Feria de Franquicias en Costa Rica, junto al gerente de ProMendoza, Fernando&#8230;<\/p>\n","protected":false},"author":1,"featured_media":9161,"comment_status":"closed","ping_status":"open","sticky":false,"template":"","format":"image","meta":[],"categories":[93],"tags":[],"_links":{"self":[{"href":"https:\/\/www.promendoza.com\/es\/wp-json\/wp\/v2\/posts\/9160"}],"collection":[{"href":"https:\/\/www.promendoza.com\/es\/wp-json\/wp\/v2\/posts"}],"about":[{"href":"https:\/\/www.promendoza.com\/es\/wp-json\/wp\/v2\/types\/post"}],"author":[{"embeddable":true,"href":"https:\/\/www.promendoza.com\/es\/wp-json\/wp\/v2\/users\/1"}],"replies":[{"embeddable":true,"href":"https:\/\/www.promendoza.com\/es\/wp-json\/wp\/v2\/comments?post=9160"}],"version-history":[{"count":1,"href":"https:\/\/www.promendoza.com\/es\/wp-json\/wp\/v2\/posts\/9160\/revisions"}],"predecessor-version":[{"id":9164,"href":"https:\/\/www.promendoza.com\/es\/wp-json\/wp\/v2\/posts\/9160\/revisions\/9164"}],"wp:featuredmedia":[{"embeddable":true,"href":"https:\/\/www.promendoza.com\/es\/wp-json\/wp\/v2\/media\/9161"}],"wp:attachment":[{"href":"https:\/\/www.promendoza.com\/es\/wp-json\/wp\/v2\/media?parent=9160"}],"wp:term":[{"taxonomy":"category","embeddable":true,"href":"https:\/\/www.promendoza.com\/es\/wp-json\/wp\/v2\/categories?post=9160"},{"taxonomy":"post_tag","embeddable":true,"href":"https:\/\/www.promendoza.com\/es\/wp-json\/wp\/v2\/tags?post=9160"}],"curies":[{"name":"wp","href":"https:\/\/api.w.org\/{rel}","templated":true}]}}