{"id":9222,"date":"2019-08-13T14:05:10","date_gmt":"2019-08-13T14:05:10","guid":{"rendered":"https:\/\/www.promendoza.com\/?p=9222"},"modified":"2019-08-14T14:12:09","modified_gmt":"2019-08-14T14:12:09","slug":"empresas-argentinas-participan-de-una-mision-comercial-en-panama-y-colombia","status":"publish","type":"post","link":"https:\/\/www.promendoza.com\/es\/empresas-argentinas-participan-de-una-mision-comercial-en-panama-y-colombia\/","title":{"rendered":"Empresas argentinas participan de una misi\u00f3n comercial en Panam\u00e1 y Colombia"},"content":{"rendered":"<style type=\"text\/css\"><\/style><p>Fundaci\u00f3n ProMendoza se encuentra acompa\u00f1ando a seis empresas en el marco de la Misi\u00f3n Comercial de la Regi\u00f3n Centro y Mendoza a Panam\u00e1 y Colombia 2019.<\/p>\n<p>&nbsp;<\/p>\n<p>La Secretar\u00eda de Producci\u00f3n de Entre R\u00edos con su \u00c1rea de Promoci\u00f3n de Exportaciones, la Embajada Argentina en Panam\u00e1, la Embajada Argentina en Bogot\u00e1, Agencia ProC\u00f3rdoba, Fundaci\u00f3n ProMendoza y Santa Fe Global, participan estos d\u00edas en Panam\u00e1 y Colombia de una nueva oportunidad de negocios.<\/p>\n<p>En este caso la modalidad de la misma se concentra en el desarrollo de reuniones de negocios donde las empresas de Entre R\u00edos, Santa Fe, C\u00f3rdoba y Mendoza se encontrar\u00e1n con potenciales compradores en la ciudad de Panam\u00e1, continuando luego con compradores tanto de Bogot\u00e1 como de Medell\u00edn en cada uno de los destinos mencionados.<\/p>\n<p>El secretario de Producci\u00f3n, \u00c1lvaro Gab\u00e1s, expres\u00f3 al respecto de la misi\u00f3n que \u201ctanto Panam\u00e1 c\u00f3mo Colombia son potenciales vidrieras atrayentes para la producci\u00f3n de Entre R\u00edos\u201d.<\/p>\n<p>\u201cDesde el gobierno provincial trabajamos en forma constante buscando siempre nuevos mercados. Esta es una oportunidad, en la que la variedad con la que se presentan las empresas son diversas como amoblamientos, pisos cer\u00e1micos, alimentos, bebidas y medicamentos como as\u00ed tambi\u00e9n tenemos la oportunidad de ofrecer los c\u00edtricos entrerrianos\u201d, finaliz\u00f3 el funcionario.<\/p>\n<p>Datos estad\u00edsticos de inter\u00e9s.<\/p>\n<p>Las exportaciones de origen entrerriano a Colombia en el 2018 totalizaron 10.279.859,23 d\u00f3lares FOB, destac\u00e1ndose las exportaciones de s\u00e1balos, ma\u00edz en grano, sorgo, leche modificada p\/ni\u00f1os, Jugos de agrios (citrus) entre otros. Colombia ocupa el onceavo lugar de las exportaciones entrerrianas de los pa\u00edses de Sudam\u00e9rica.<\/p>\n<p>Colombia hoy cuenta con una econom\u00eda en crecimiento, present\u00e1ndose como uno de los mercados de mayor crecimiento en latinoam\u00e9rica, luego del proceso de negociaci\u00f3n de paz que se llev\u00f3 adelante.<\/p>\n<p>En cuanto a las exportaciones de origen entrerriano a Panam\u00e1, en el 2018 totalizaron 1.457.807,06 d\u00f3lares FOB, destac\u00e1ndose medicamentos, muebles de madera y ma\u00edz en grano.<\/p>\n<p><a href=\"https:\/\/www.promendoza.com\/wp-content\/uploads\/2019\/08\/WhatsApp-Image-2019-08-13-at-11.11.30.jpeg\"><img loading=\"lazy\" class=\"aligncenter size-full wp-image-9224\" src=\"https:\/\/www.promendoza.com\/wp-content\/uploads\/2019\/08\/WhatsApp-Image-2019-08-13-at-11.11.30.jpeg\" alt=\"\" width=\"1280\" height=\"1099\" srcset=\"https:\/\/www.promendoza.com\/wp-content\/uploads\/2019\/08\/WhatsApp-Image-2019-08-13-at-11.11.30.jpeg 1280w, https:\/\/www.promendoza.com\/wp-content\/uploads\/2019\/08\/WhatsApp-Image-2019-08-13-at-11.11.30-300x258.jpeg 300w, https:\/\/www.promendoza.com\/wp-content\/uploads\/2019\/08\/WhatsApp-Image-2019-08-13-at-11.11.30-768x659.jpeg 768w, https:\/\/www.promendoza.com\/wp-content\/uploads\/2019\/08\/WhatsApp-Image-2019-08-13-at-11.11.30-1024x879.jpeg 1024w, https:\/\/www.promendoza.com\/wp-content\/uploads\/2019\/08\/WhatsApp-Image-2019-08-13-at-11.11.30-580x498.jpeg 580w, https:\/\/www.promendoza.com\/wp-content\/uploads\/2019\/08\/WhatsApp-Image-2019-08-13-at-11.11.30-820x704.jpeg 820w, https:\/\/www.promendoza.com\/wp-content\/uploads\/2019\/08\/WhatsApp-Image-2019-08-13-at-11.11.30-1160x996.jpeg 1160w\" sizes=\"(max-width: 1280px) 100vw, 1280px\" \/><\/a><\/p>\n<p><a href=\"https:\/\/www.promendoza.com\/wp-content\/uploads\/2019\/08\/WhatsApp-Image-2019-08-13-at-11.16.20-1.jpeg\"><img loading=\"lazy\" class=\"aligncenter size-full wp-image-9225\" src=\"https:\/\/www.promendoza.com\/wp-content\/uploads\/2019\/08\/WhatsApp-Image-2019-08-13-at-11.16.20-1.jpeg\" alt=\"\" width=\"1040\" height=\"780\" srcset=\"https:\/\/www.promendoza.com\/wp-content\/uploads\/2019\/08\/WhatsApp-Image-2019-08-13-at-11.16.20-1.jpeg 1040w, https:\/\/www.promendoza.com\/wp-content\/uploads\/2019\/08\/WhatsApp-Image-2019-08-13-at-11.16.20-1-300x225.jpeg 300w, https:\/\/www.promendoza.com\/wp-content\/uploads\/2019\/08\/WhatsApp-Image-2019-08-13-at-11.16.20-1-768x576.jpeg 768w, https:\/\/www.promendoza.com\/wp-content\/uploads\/2019\/08\/WhatsApp-Image-2019-08-13-at-11.16.20-1-1024x768.jpeg 1024w, https:\/\/www.promendoza.com\/wp-content\/uploads\/2019\/08\/WhatsApp-Image-2019-08-13-at-11.16.20-1-580x435.jpeg 580w, https:\/\/www.promendoza.com\/wp-content\/uploads\/2019\/08\/WhatsApp-Image-2019-08-13-at-11.16.20-1-820x615.jpeg 820w\" sizes=\"(max-width: 1040px) 100vw, 1040px\" \/><\/a><\/p>\n<p><a href=\"https:\/\/www.promendoza.com\/wp-content\/uploads\/2019\/08\/WhatsApp-Image-2019-08-13-at-11.21.22.jpeg\"><img loading=\"lazy\" class=\"aligncenter size-full wp-image-9226\" src=\"https:\/\/www.promendoza.com\/wp-content\/uploads\/2019\/08\/WhatsApp-Image-2019-08-13-at-11.21.22.jpeg\" alt=\"\" width=\"1210\" height=\"826\" srcset=\"https:\/\/www.promendoza.com\/wp-content\/uploads\/2019\/08\/WhatsApp-Image-2019-08-13-at-11.21.22.jpeg 1210w, https:\/\/www.promendoza.com\/wp-content\/uploads\/2019\/08\/WhatsApp-Image-2019-08-13-at-11.21.22-300x205.jpeg 300w, https:\/\/www.promendoza.com\/wp-content\/uploads\/2019\/08\/WhatsApp-Image-2019-08-13-at-11.21.22-768x524.jpeg 768w, https:\/\/www.promendoza.com\/wp-content\/uploads\/2019\/08\/WhatsApp-Image-2019-08-13-at-11.21.22-1024x699.jpeg 1024w, https:\/\/www.promendoza.com\/wp-content\/uploads\/2019\/08\/WhatsApp-Image-2019-08-13-at-11.21.22-580x396.jpeg 580w, https:\/\/www.promendoza.com\/wp-content\/uploads\/2019\/08\/WhatsApp-Image-2019-08-13-at-11.21.22-820x560.jpeg 820w, https:\/\/www.promendoza.com\/wp-content\/uploads\/2019\/08\/WhatsApp-Image-2019-08-13-at-11.21.22-1160x792.jpeg 1160w\" sizes=\"(max-width: 1210px) 100vw, 1210px\" \/><\/a><\/p>\n","protected":false},"excerpt":{"rendered":"<p>Fundaci\u00f3n ProMendoza se encuentra acompa\u00f1ando a seis empresas en el marco de la Misi\u00f3n Comercial de la Regi\u00f3n Centro y Mendoza a Panam\u00e1 y Colombia 2019. &nbsp; La Secretar\u00eda de&#8230;<\/p>\n","protected":false},"author":1,"featured_media":9223,"comment_status":"closed","ping_status":"open","sticky":false,"template":"","format":"image","meta":[],"categories":[96],"tags":[],"_links":{"self":[{"href":"https:\/\/www.promendoza.com\/es\/wp-json\/wp\/v2\/posts\/9222"}],"collection":[{"href":"https:\/\/www.promendoza.com\/es\/wp-json\/wp\/v2\/posts"}],"about":[{"href":"https:\/\/www.promendoza.com\/es\/wp-json\/wp\/v2\/types\/post"}],"author":[{"embeddable":true,"href":"https:\/\/www.promendoza.com\/es\/wp-json\/wp\/v2\/users\/1"}],"replies":[{"embeddable":true,"href":"https:\/\/www.promendoza.com\/es\/wp-json\/wp\/v2\/comments?post=9222"}],"version-history":[{"count":1,"href":"https:\/\/www.promendoza.com\/es\/wp-json\/wp\/v2\/posts\/9222\/revisions"}],"predecessor-version":[{"id":9227,"href":"https:\/\/www.promendoza.com\/es\/wp-json\/wp\/v2\/posts\/9222\/revisions\/9227"}],"wp:featuredmedia":[{"embeddable":true,"href":"https:\/\/www.promendoza.com\/es\/wp-json\/wp\/v2\/media\/9223"}],"wp:attachment":[{"href":"https:\/\/www.promendoza.com\/es\/wp-json\/wp\/v2\/media?parent=9222"}],"wp:term":[{"taxonomy":"category","embeddable":true,"href":"https:\/\/www.promendoza.com\/es\/wp-json\/wp\/v2\/categories?post=9222"},{"taxonomy":"post_tag","embeddable":true,"href":"https:\/\/www.promendoza.com\/es\/wp-json\/wp\/v2\/tags?post=9222"}],"curies":[{"name":"wp","href":"https:\/\/api.w.org\/{rel}","templated":true}]}}