{"id":9246,"date":"2019-08-26T16:10:51","date_gmt":"2019-08-26T16:10:51","guid":{"rendered":"https:\/\/www.promendoza.com\/?p=9246"},"modified":"2019-09-25T16:14:52","modified_gmt":"2019-09-25T16:14:52","slug":"expectativas-tras-el-acuerdo-comercial-con-el-bloque-efta","status":"publish","type":"post","link":"https:\/\/www.promendoza.com\/es\/expectativas-tras-el-acuerdo-comercial-con-el-bloque-efta\/","title":{"rendered":"Expectativas tras el acuerdo comercial con el bloque EFTA"},"content":{"rendered":"<style type=\"text\/css\"><\/style><h4>Para Mendoza, que posee productos complementarios para estas econom\u00edas, el tratado se presenta como un multiplicador de posibilidades.<\/h4>\n<p>&nbsp;<\/p>\n<p>El Gobierno nacional anunci\u00f3 el viernes que el Mercosur cerr\u00f3 un acuerdo de libre comercio con el EFTA, asociaci\u00f3n de pa\u00edses integrada por Islandia, Liechtenstein, Noruega y Suiza.\u00a0<strong>\u00bfCu\u00e1les son las posibilidades de negocio para Mendoza en este mercado que posee un PBI per c\u00e1pita de 82.000 d\u00f3lares al a\u00f1o?<\/strong><\/p>\n<p>Este tratado comercial con el bloque creado en 1960, por la Convenci\u00f3n de Estocolmo,\u00a0<strong>representa una ampliaci\u00f3n del horizonte de negocios para el bloque sudamericano tras el reciente convenio con la Uni\u00f3n Europea (UE)<\/strong>. Los pa\u00edses integrantes del EFTA poseen un PBI per capita casi tres veces mayor que el de sus vecinos de la Uni\u00f3n Europea, y una activa participaci\u00f3n en el comercio internacional, ocupando el quinto lugar del comercio mundial de servicios y noveno en bienes.<\/p>\n<p><strong>Se dieron a conocer algunos detalles del acuerdo: una apertura de los mercados para las exportaciones, eliminando el 100% de los aranceles sobre los productos de exportaci\u00f3n industrial.<\/strong>\u00a0Tambi\u00e9n inversiones en sectores como el de la manufactura, la energ\u00eda y la miner\u00eda. En la actualidad, el flujo comercial entre Mercosur y EFTA est\u00e1 en su nivel m\u00e1s bajo en la \u00faltima d\u00e9cada: $ 4,6 mil millones, despu\u00e9s de alcanzar un m\u00e1ximo de $ 7,7 mil millones en 2014.<\/p>\n<p>Para Mendoza, que posee productos complementarios para estas econom\u00edas, el tratado se presenta como un multiplicador de posibilidades.\u00a0<strong>Porque a las naciones integrantes de este bloque en 2018 ya les export\u00f3 vino, manzanas, miel y aceite de oliva; tambi\u00e9n y en menos cantidad, etiquetas y productos de papel.\u00a0<\/strong><\/p>\n<p>En n\u00fameros -registrados por la DEIE-\u00a0<strong>Suiza compr\u00f3 productos mendocinos por $16.690.840, Noruega por $2.649.142 e Islandia por $1.203.682<\/strong>; mientras que hacia Lietchtenstein no se registraron exportaciones.<\/p>\n<h3><strong>Desarrollar la presencia<\/strong><\/h3>\n<p>Mario Lazzaro, director de ProMendoza, explic\u00f3 sobre la potencialidad del acuerdo:\u00a0<strong>\u201cEste tratado es muy importante para nuestra econom\u00eda porque el perfil de estos cuatro pa\u00edses que conforman la EFTA es complementario para nuestra producci\u00f3n agroindustrial y vitivin\u00edcola. En la actualidad, Suiza es un mercado en el que comercializamos un tercio del volumen de vino que nos compra Brasil; hay que imaginar el potencial cuando se realice la desgravaci\u00f3n impositiva\u201d.<\/strong><\/p>\n<p>Mientras que al referirse a la entrada en vigor del tratado bilateral, se\u00f1al\u00f3: \u201cEsperamos que al ser menos pa\u00edses, menos parlamentos que deban aprobar el acuerdo, entre en vigencia con mayor rapidez al que se firm\u00f3 hace dos meses con la Uni\u00f3n Europea. Tal vez, a fines del a\u00f1o pr\u00f3ximo entre en vigencia\u201d.<\/p>\n<div class=\"row peperito general article-box no-margin-sides\">\n<div class=\"col-xs-24 no-padding-sides\">Al detallar las caracter\u00edsticas de estos mercados, Lazzaro cont\u00f3: <strong>\u201cTenemos que trabajar m\u00e1s nuestra presencia en estos mercados europeos, con ProMendoza realizamos la \u00faltima acci\u00f3n en Noruega hace dos a\u00f1os. Este pa\u00eds tiene una poblaci\u00f3n de 5 millones de habitantes, pero cuenta con un gran potencial tur\u00edstico. Es un fuerte importador de bebidas con alcohol, pero sus compras las hace por medio de un monopolio\u201d.\u00a0<\/strong><\/div>\n<\/div>\n<p>\u201cEstablecer el v\u00ednculo comercial con los integrantes de la EFTA, para Mendoza tambi\u00e9n puede representar una chance de expandirse a Europa\u201d, destac\u00f3 Lazzaro.<\/p>\n","protected":false},"excerpt":{"rendered":"<p>Para Mendoza, que posee productos complementarios para estas econom\u00edas, el tratado se presenta como un multiplicador de posibilidades. &nbsp; El Gobierno nacional anunci\u00f3 el viernes que el Mercosur cerr\u00f3 un&#8230;<\/p>\n","protected":false},"author":1,"featured_media":9247,"comment_status":"closed","ping_status":"open","sticky":false,"template":"","format":"image","meta":[],"categories":[100],"tags":[],"_links":{"self":[{"href":"https:\/\/www.promendoza.com\/es\/wp-json\/wp\/v2\/posts\/9246"}],"collection":[{"href":"https:\/\/www.promendoza.com\/es\/wp-json\/wp\/v2\/posts"}],"about":[{"href":"https:\/\/www.promendoza.com\/es\/wp-json\/wp\/v2\/types\/post"}],"author":[{"embeddable":true,"href":"https:\/\/www.promendoza.com\/es\/wp-json\/wp\/v2\/users\/1"}],"replies":[{"embeddable":true,"href":"https:\/\/www.promendoza.com\/es\/wp-json\/wp\/v2\/comments?post=9246"}],"version-history":[{"count":2,"href":"https:\/\/www.promendoza.com\/es\/wp-json\/wp\/v2\/posts\/9246\/revisions"}],"predecessor-version":[{"id":9388,"href":"https:\/\/www.promendoza.com\/es\/wp-json\/wp\/v2\/posts\/9246\/revisions\/9388"}],"wp:featuredmedia":[{"embeddable":true,"href":"https:\/\/www.promendoza.com\/es\/wp-json\/wp\/v2\/media\/9247"}],"wp:attachment":[{"href":"https:\/\/www.promendoza.com\/es\/wp-json\/wp\/v2\/media?parent=9246"}],"wp:term":[{"taxonomy":"category","embeddable":true,"href":"https:\/\/www.promendoza.com\/es\/wp-json\/wp\/v2\/categories?post=9246"},{"taxonomy":"post_tag","embeddable":true,"href":"https:\/\/www.promendoza.com\/es\/wp-json\/wp\/v2\/tags?post=9246"}],"curies":[{"name":"wp","href":"https:\/\/api.w.org\/{rel}","templated":true}]}}