{"id":9275,"date":"2019-10-04T15:50:56","date_gmt":"2019-10-04T15:50:56","guid":{"rendered":"https:\/\/www.promendoza.com\/?p=9275"},"modified":"2019-10-07T15:57:34","modified_gmt":"2019-10-07T15:57:34","slug":"mendoza-tendra-su-quinto-hub-logistico-en-los-andes-chile","status":"publish","type":"post","link":"https:\/\/www.promendoza.com\/es\/mendoza-tendra-su-quinto-hub-logistico-en-los-andes-chile\/","title":{"rendered":"Mendoza tendr\u00e1 su quinto hub log\u00edstico, en Los Andes, Chile"},"content":{"rendered":"<style type=\"text\/css\"><\/style><h4>Un acuerdo entre el IDITS y el Almac\u00e9n Extraportuario El Sauce permitir\u00e1 crear un\u00a0<em>hub<\/em>\u00a0log\u00edstico estrat\u00e9gico en la ciudad de Los Andes. El proyecto apunta a colaborar en la ampliaci\u00f3n del comercio entre Mendoza y Chile, fortalecer las negociaciones comerciales bilaterales y crear un mercado m\u00e1s abierto, seguro y predecible.<\/h4>\n<p>A partir de diciembre, Mendoza contar\u00e1 con un\u00a0<em>hub<\/em>\u00a0log\u00edstico en la localidad de \u00a0Los Andes en Chile, puesto a disposici\u00f3n para las pymes mendocinas que operan en el Puerto Seco y Zona Franca Mendoza. La iniciativa se impulsa mediante el acuerdo firmado hoy entre el presidente del IDITS de Mendoza, Mart\u00edn Kerchner, y el gerente general del Almac\u00e9n Extraportuario El Sauce del vecino pa\u00eds, H\u00e9ctor Carvacho.<\/p>\n<p>El\u00a0<em>hub<\/em>\u00a0podr\u00e1 ser utilizado por las empresas que exporten a Chile sus mercader\u00edas y permitir\u00e1 que permanezcan en dep\u00f3sito hasta un a\u00f1o, sin pago de impuestos de importaci\u00f3n. Mientras que los productos con destino a los mercados del Pac\u00edfico podr\u00e1n pasar a Chile y permanecer en dep\u00f3sito hasta su exportaci\u00f3n final, sin l\u00edmite de estad\u00eda all\u00ed.<\/p>\n<p>Se trata del quinto\u00a0<em>hub<\/em>\u00a0log\u00edstico con el que operar\u00e1 Mendoza, luego de Amberes (Holanda), Shangh\u00e1i (China), Guangzhou (China) y Dub\u00e1i (Emiratos \u00c1rabes Unidos).<\/p>\n<p>Al respecto, el titular de Econom\u00eda de la Provincia, Mart\u00edn Kerchner, detall\u00f3: \u201cPara nosotros es un paso m\u00e1s en la integraci\u00f3n con Chile, de manera concreta. Tenemos\u00a0<em>hubs<\/em>\u00a0log\u00edsticos en Europa y China y lo m\u00e1s sorprendente es que no tuvi\u00e9ramos en el pa\u00eds vecino, por donde pasa una gran cantidad de la carga comercial desde y hacia Chile\u201d.<\/p>\n<p>\u201cEsto va a beneficiar a las pymes de Mendoza, que podr\u00e1n tener productos en Los Andes y aprovechar esta estructura en el puerto de Valpara\u00edso y de los servicios que va a prestar la empresa que va a ser nuestra aliada en este acuerdo\u201d, explic\u00f3 Kerchner. El ministro agreg\u00f3: \u201cPara bajar el riesgo pa\u00eds es necesario orden interno, visi\u00f3n de futuro y mirar al mundo. Estos puntos concretos lo estamos llevando a cabo, como la integraci\u00f3n con la Quinta Regi\u00f3n de Chile a Mendoza, que nos sirve para poder vender a todo el mundo y aprovechar esa gran plataforma que es Chile para toda Sudam\u00e9rica. No somos competidores del vecino pa\u00eds, naturalmente somos socios y tenemos que llevar nuestros productos al mundo\u201d.<\/p>\n<p>Por su parte, H\u00e9ctor Carvacho, gerente general del almac\u00e9n Extraportuario El Sauce, de Los Andes, subray\u00f3 resalt\u00f3 que el acuerdo \u201cno s\u00f3lo porque favorece a la importaci\u00f3n y exportaci\u00f3n bilateral, sino que tambi\u00e9n \u00a1beneficia a la carga en tr\u00e1nsito que trae Argentina desde pa\u00edses extranjeros\u201d.<\/p>\n<p>\u201cPor el Paso de Los Libertadores\u00a0 -que es el paso m\u00e1s importante que nos une- pasan 200.000 camiones en el a\u00f1o y el 10% de esa carga es tr\u00e1nsito. Por eso nosotros estamos felices de poder participar del comercio con un pa\u00eds vecino y amigo. Pero adem\u00e1s estamos tratando con la aduana chilena de modificar la normativa para favorecer a los exportadores argentinos y a los importadores chilenos y a la carga en tr\u00e1nsito\u201d, finaliz\u00f3 Carvacho.<\/p>\n","protected":false},"excerpt":{"rendered":"<p>Un acuerdo entre el IDITS y el Almac\u00e9n Extraportuario El Sauce permitir\u00e1 crear un\u00a0hub\u00a0log\u00edstico estrat\u00e9gico en la ciudad de Los Andes. El proyecto apunta a colaborar en la ampliaci\u00f3n del&#8230;<\/p>\n","protected":false},"author":1,"featured_media":9276,"comment_status":"closed","ping_status":"open","sticky":false,"template":"","format":"image","meta":[],"categories":[94],"tags":[],"_links":{"self":[{"href":"https:\/\/www.promendoza.com\/es\/wp-json\/wp\/v2\/posts\/9275"}],"collection":[{"href":"https:\/\/www.promendoza.com\/es\/wp-json\/wp\/v2\/posts"}],"about":[{"href":"https:\/\/www.promendoza.com\/es\/wp-json\/wp\/v2\/types\/post"}],"author":[{"embeddable":true,"href":"https:\/\/www.promendoza.com\/es\/wp-json\/wp\/v2\/users\/1"}],"replies":[{"embeddable":true,"href":"https:\/\/www.promendoza.com\/es\/wp-json\/wp\/v2\/comments?post=9275"}],"version-history":[{"count":1,"href":"https:\/\/www.promendoza.com\/es\/wp-json\/wp\/v2\/posts\/9275\/revisions"}],"predecessor-version":[{"id":9277,"href":"https:\/\/www.promendoza.com\/es\/wp-json\/wp\/v2\/posts\/9275\/revisions\/9277"}],"wp:featuredmedia":[{"embeddable":true,"href":"https:\/\/www.promendoza.com\/es\/wp-json\/wp\/v2\/media\/9276"}],"wp:attachment":[{"href":"https:\/\/www.promendoza.com\/es\/wp-json\/wp\/v2\/media?parent=9275"}],"wp:term":[{"taxonomy":"category","embeddable":true,"href":"https:\/\/www.promendoza.com\/es\/wp-json\/wp\/v2\/categories?post=9275"},{"taxonomy":"post_tag","embeddable":true,"href":"https:\/\/www.promendoza.com\/es\/wp-json\/wp\/v2\/tags?post=9275"}],"curies":[{"name":"wp","href":"https:\/\/api.w.org\/{rel}","templated":true}]}}