{"id":9592,"date":"2019-07-29T15:27:20","date_gmt":"2019-07-29T15:27:20","guid":{"rendered":"https:\/\/www.promendoza.com\/?p=9592"},"modified":"2020-01-10T15:29:42","modified_gmt":"2020-01-10T15:29:42","slug":"nueces-mayor-superficie-implantada-y-mayor-demanda","status":"publish","type":"post","link":"https:\/\/www.promendoza.com\/es\/nueces-mayor-superficie-implantada-y-mayor-demanda\/","title":{"rendered":"Nueces: mayor superficie implantada y mayor demanda"},"content":{"rendered":"<style type=\"text\/css\"><\/style><h5>En nuestra\u00a0 provincia este tipo de cultivos se extiende fundamentalmente en el Valle de Uco.<\/h5>\n<p>La tendencia a una alimentaci\u00f3n m\u00e1s sana, proteica y natural ha llevado a incrementar la demanda de frutos secos en el mundo. En nuestra\u00a0 provincia, este tipo de cultivos se extiende fundamentalmente en el Valle de Uco.<\/p>\n<p>En esta regi\u00f3n se registra un incremento de la superficie cubierta con nogales, ya sea por reconversi\u00f3n de otros frutales o desarrollo de nuevas plantaciones. Las fincas con arboles j\u00f3venes o reci\u00e9n implantados que se observan en muchos caminos rurales de este oasis ratifican la vigencia que este cultivo tiene hoy como opci\u00f3n real para los agricultores locales.<\/p>\n<p>365 Tentaciones, el programa de promoci\u00f3n e investigaci\u00f3n del Ministerio de Econom\u00eda, te acerca datos de inter\u00e9s sobre el fruto del\u00a0 nogal (<em>Juglans regia<\/em>).<\/p>\n<p>Fuente: Prensa Gobierno de Mendoza<\/p>\n","protected":false},"excerpt":{"rendered":"<p>En nuestra\u00a0 provincia este tipo de cultivos se extiende fundamentalmente en el Valle de Uco. La tendencia a una alimentaci\u00f3n m\u00e1s sana, proteica y natural ha llevado a incrementar la&#8230;<\/p>\n","protected":false},"author":1,"featured_media":9593,"comment_status":"closed","ping_status":"open","sticky":false,"template":"","format":"image","meta":[],"categories":[103],"tags":[],"_links":{"self":[{"href":"https:\/\/www.promendoza.com\/es\/wp-json\/wp\/v2\/posts\/9592"}],"collection":[{"href":"https:\/\/www.promendoza.com\/es\/wp-json\/wp\/v2\/posts"}],"about":[{"href":"https:\/\/www.promendoza.com\/es\/wp-json\/wp\/v2\/types\/post"}],"author":[{"embeddable":true,"href":"https:\/\/www.promendoza.com\/es\/wp-json\/wp\/v2\/users\/1"}],"replies":[{"embeddable":true,"href":"https:\/\/www.promendoza.com\/es\/wp-json\/wp\/v2\/comments?post=9592"}],"version-history":[{"count":1,"href":"https:\/\/www.promendoza.com\/es\/wp-json\/wp\/v2\/posts\/9592\/revisions"}],"predecessor-version":[{"id":9594,"href":"https:\/\/www.promendoza.com\/es\/wp-json\/wp\/v2\/posts\/9592\/revisions\/9594"}],"wp:featuredmedia":[{"embeddable":true,"href":"https:\/\/www.promendoza.com\/es\/wp-json\/wp\/v2\/media\/9593"}],"wp:attachment":[{"href":"https:\/\/www.promendoza.com\/es\/wp-json\/wp\/v2\/media?parent=9592"}],"wp:term":[{"taxonomy":"category","embeddable":true,"href":"https:\/\/www.promendoza.com\/es\/wp-json\/wp\/v2\/categories?post=9592"},{"taxonomy":"post_tag","embeddable":true,"href":"https:\/\/www.promendoza.com\/es\/wp-json\/wp\/v2\/tags?post=9592"}],"curies":[{"name":"wp","href":"https:\/\/api.w.org\/{rel}","templated":true}]}}