{"id":9606,"date":"2019-08-07T15:41:47","date_gmt":"2019-08-07T15:41:47","guid":{"rendered":"https:\/\/www.promendoza.com\/?p=9606"},"modified":"2020-01-10T15:45:09","modified_gmt":"2020-01-10T15:45:09","slug":"como-puede-perjudicar-a-mendoza-la-caida-del-yuan","status":"publish","type":"post","link":"https:\/\/www.promendoza.com\/es\/como-puede-perjudicar-a-mendoza-la-caida-del-yuan\/","title":{"rendered":"C\u00f3mo puede perjudicar a Mendoza la ca\u00edda del yuan"},"content":{"rendered":"<style type=\"text\/css\"><\/style><h3 class=\"note__epigraph\">l enfrentamiento comercial entre China y Estados Unidos dispar\u00f3 alertas locales, aunque no se esperan repercusiones a corto plazo.<\/h3>\n<p>El enfrentamiento comercial entre China y Estados Unidos mantiene en alerta a los productores mendocinos que tienen la mirada puesta en el mercado internacional, debido a los efectos que tiene a corto y largo plazo. Mientras que el pa\u00eds norteamericano subi\u00f3 los aranceles para la importaci\u00f3n el viernes, su par asi\u00e1tico respondi\u00f3 el lunes con una baja abrupta del yuan, favoreciendo as\u00ed la venta al exterior de sus productos.<\/p>\n<p>El efecto se sinti\u00f3 de inmediato en todo el mundo. En Argentina aument\u00f3 el riesgo pa\u00eds y subi\u00f3 el d\u00f3lar, y en el resto del mundo se produjo una reacci\u00f3n similar, con divisas que perdieron valor y bolsas de acciones que cerraron a la baja. Ante las maniobras econ\u00f3micas con las que respondi\u00f3 el gobierno de Donald Trump, China fren\u00f3 ayer la ca\u00edda del yuan pero dejar\u00e1 de importar productos agr\u00edcolas estadounidenses.<\/p>\n<p>Esta sucesi\u00f3n de eventos, seg\u00fan evalu\u00f3 Mario L\u00e1zzaro, de la fundaci\u00f3n ProMendoza, se traduce en una inestabilidad externa que perjudica a la provincia al \u201ccambiar las reglas de juego\u201d, aunque no a corto plazo.<\/p>\n<p>\u201cNo somos competidores de ninguno de ellos por el mercado del otro. El problema es que se puede inhibir la acci\u00f3n de compra y venta: todos est\u00e1n cautelosos y se paraliza el mercado\u201d, se\u00f1al\u00f3. \u201cA corto plazo no hay otro peligro, s\u00f3lo ese, que la guerra entre dos gigantes ralentiza al resto\u201d.<\/p>\n<p>A nivel pa\u00eds, sin embargo, L\u00e1zzaro considera que el beneficio podr\u00eda llegar del lado del cereal y la carne, pero no tanto en el vino. Esto se debe a que China se provee, principalmente, de Francia y Espa\u00f1a. En quinto lugar figura Estados Unidos. \u201cSi le dejan de comprar a ellos ser\u00e1 m\u00e1s por antipat\u00eda de los locales. Nosotros venimos muy detr\u00e1s de ellos, es un mercado en el que no llevamos mucho tiempo ni tenemos mucho porcentaje\u201d, agreg\u00f3.<\/p>\n<p><strong>Conflictos afuera y adentro<\/strong><\/p>\n<p>Hace una semana, las consecuencias de esta \u201cguerra comercial\u201d se tornaron positivas debido a la baja en la tasa de inter\u00e9s de Estados Unidos, que se puede traducir en un d\u00f3lar m\u00e1s barato para los dem\u00e1s pa\u00edses, permitiendo un mejor financiamiento con esta divisa.<\/p>\n<p>\u201cPero, ahora, los movimientos del yuan pueden afectar a nuestros productores, porque eso mejora los productos chinos para exportar. Tenemos que estar atentos y prevenidos\u201d, explic\u00f3 Mario Bustos Carra, gerente de la C\u00e1mara de Comercio Exterior de Cuyo.<\/p>\n<p>El empresario destac\u00f3 que, localmente, influye tambi\u00e9n lo pol\u00edtico. \u201cLa cercan\u00eda a las elecciones y la interna producen desviaciones por fuera del contexto internacional. Lo que hay que ver es la diferencia entre qu\u00e9 coletazos son externos y cu\u00e1les internos\u201d, apunt\u00f3.<\/p>\n<p>En este sentido, el economista Roberto Roitman indic\u00f3 que el efecto negativo est\u00e1 en el rumbo econ\u00f3mico que se traz\u00f3 a nivel macro. \u201cA partir de la irrupci\u00f3n en escena de Trump, lo que ocurre con el brexit y dem\u00e1s situaciones, se continu\u00f3 trabajando con el diagn\u00f3stico equivocado. Esta ya no es la misma globalizaci\u00f3n que hace cuatro a\u00f1os\u201d.<\/p>\n<p>Esto se debe al aumento del proteccionismo, que genera un enfrentamiento como el que est\u00e1 ocurriendo entre China y Estados Unidos. \u201cA nivel provincial va a tener las mismas consecuencias que en el resto del pa\u00eds porque no tenemos una particularidad en esos mercados, distinto es lo que ocurre con Brasil\u201d, explic\u00f3.<\/p>\n<p>Fuente: El Sol<\/p>\n","protected":false},"excerpt":{"rendered":"<p>l enfrentamiento comercial entre China y Estados Unidos dispar\u00f3 alertas locales, aunque no se esperan repercusiones a corto plazo. El enfrentamiento comercial entre China y Estados Unidos mantiene en alerta&#8230;<\/p>\n","protected":false},"author":1,"featured_media":9607,"comment_status":"closed","ping_status":"open","sticky":false,"template":"","format":"image","meta":[],"categories":[45],"tags":[],"_links":{"self":[{"href":"https:\/\/www.promendoza.com\/es\/wp-json\/wp\/v2\/posts\/9606"}],"collection":[{"href":"https:\/\/www.promendoza.com\/es\/wp-json\/wp\/v2\/posts"}],"about":[{"href":"https:\/\/www.promendoza.com\/es\/wp-json\/wp\/v2\/types\/post"}],"author":[{"embeddable":true,"href":"https:\/\/www.promendoza.com\/es\/wp-json\/wp\/v2\/users\/1"}],"replies":[{"embeddable":true,"href":"https:\/\/www.promendoza.com\/es\/wp-json\/wp\/v2\/comments?post=9606"}],"version-history":[{"count":1,"href":"https:\/\/www.promendoza.com\/es\/wp-json\/wp\/v2\/posts\/9606\/revisions"}],"predecessor-version":[{"id":9608,"href":"https:\/\/www.promendoza.com\/es\/wp-json\/wp\/v2\/posts\/9606\/revisions\/9608"}],"wp:featuredmedia":[{"embeddable":true,"href":"https:\/\/www.promendoza.com\/es\/wp-json\/wp\/v2\/media\/9607"}],"wp:attachment":[{"href":"https:\/\/www.promendoza.com\/es\/wp-json\/wp\/v2\/media?parent=9606"}],"wp:term":[{"taxonomy":"category","embeddable":true,"href":"https:\/\/www.promendoza.com\/es\/wp-json\/wp\/v2\/categories?post=9606"},{"taxonomy":"post_tag","embeddable":true,"href":"https:\/\/www.promendoza.com\/es\/wp-json\/wp\/v2\/tags?post=9606"}],"curies":[{"name":"wp","href":"https:\/\/api.w.org\/{rel}","templated":true}]}}