{"id":9639,"date":"2019-09-26T12:31:57","date_gmt":"2019-09-26T12:31:57","guid":{"rendered":"https:\/\/www.promendoza.com\/?p=9639"},"modified":"2020-01-13T12:38:15","modified_gmt":"2020-01-13T12:38:15","slug":"kerchner-destaco-avances-en-el-sostenimiento-de-empresas-mendocinas","status":"publish","type":"post","link":"https:\/\/www.promendoza.com\/es\/kerchner-destaco-avances-en-el-sostenimiento-de-empresas-mendocinas\/","title":{"rendered":"Kerchner destac\u00f3 avances en el sostenimiento de empresas mendocinas"},"content":{"rendered":"<style type=\"text\/css\"><\/style><p>El Gobierno de Mendoza est\u00e1 trabajando para el sostenimiento de diferentes empresas de la provincia, solicitando ayuda al Gobierno nacional. Al respecto, opin\u00f3 el ministro de Econom\u00eda, Infraestructura y Energ\u00eda de la Provincia, Mart\u00edn Kerchner.<br \/>\nSe\u00f1al\u00f3 que se logr\u00f3 que el Ministerio de Trabajo de la Naci\u00f3n extendiera el Programa de Recuperaci\u00f3n Productiva (REPRO) para el personal de La Colina. Se trata de una ayuda que el Estado le da a las empresas en crisis, entregando 3.500 pesos por empleado durante cuatro o cinco meses, lo que permite sostener el empleo. Otro ejemplo de una situaci\u00f3n cr\u00edtica es el de Alco, empresa que quebr\u00f3 pero a pesar de ello sigui\u00f3 produciendo. \u201cLogramos interesar a muchas empresas y se hizo un remate, en el que finalmente la compr\u00f3 la conservera Ava e invirti\u00f3 m\u00e1s de 7 millones de pesos, apostando a seguir\u201d, record\u00f3, y aclar\u00f3 que esas son medidas urgentes, mientras que hay medidas importantes, ya que \u201ctoda crisis trae una oportunidad\u201d.<br \/>\n\u201cSomos productores de alimento y, como tales, estamos acostumbrados a exportar nuestros productos (vino, ciruela, durazno industrial). Creemos que el camino va por ah\u00ed y lo que hacemos es apoyar desde ProMendoza todo lo que tiene que ver con la venta del vino a granel, venta de ciruela, venta de ajo (protegiendo contra el ajo chino en Brasil). Seguimos en esa pol\u00edtica dentro de las herramientas que tenemos y dentro de lo que es la situaci\u00f3n econ\u00f3mica nacional compleja, con m\u00e1s de ocho a\u00f1os de recesi\u00f3n\u201d, destac\u00f3.<\/p>\n<p>Minera Vale<br \/>\nEl proyecto minero de sales de potasio, el mismo que la minera brasile\u00f1a Vale ten\u00eda previsto explotar en Malarg\u00fce, en el que invirti\u00f3 hasta 2013 alrededor de 2.500 millones de d\u00f3lares y luego dejara en suspenso por problemas financieros propios y, particularmente, por una ca\u00edda significativa del valor internacional del producto, podr\u00eda pasar a ser propiedad absoluta de la Provincia tras un acuerdo firmado este martes entre el gobierno de Alfredo Cornejo y los apoderados del gigante minero brasile\u00f1o.<br \/>\n\u201cAc\u00e1 hubo carro\u00f1eros que fueron tomando y destruyendo el proyecto antes de que se pudiera seguir. Sindicatos, empresas y el Estado fueron voraces\u201d, expres\u00f3, y a\u00f1adi\u00f3 que \u201cel potasio no solo se usa para alimentos, sino para entre 20 y 30 productos distintos y en eso podemos tener un desarrollo de valor agregado importante\u201d.<br \/>\nCuando la Provincia tome el control definitivo de las instalaciones, comenzar\u00e1 un proceso trascendente: la b\u00fasqueda de un inversor internacional que se vea atra\u00eddo por el potencial de la mina malarg\u00fcina, la m\u00e1s importante de Sudam\u00e9rica.<\/p>\n<p>Fuente: Diario San Rafael<\/p>\n","protected":false},"excerpt":{"rendered":"<p>El Gobierno de Mendoza est\u00e1 trabajando para el sostenimiento de diferentes empresas de la provincia, solicitando ayuda al Gobierno nacional. Al respecto, opin\u00f3 el ministro de Econom\u00eda, Infraestructura y Energ\u00eda&#8230;<\/p>\n","protected":false},"author":1,"featured_media":9640,"comment_status":"closed","ping_status":"open","sticky":false,"template":"","format":"image","meta":[],"categories":[29],"tags":[],"_links":{"self":[{"href":"https:\/\/www.promendoza.com\/es\/wp-json\/wp\/v2\/posts\/9639"}],"collection":[{"href":"https:\/\/www.promendoza.com\/es\/wp-json\/wp\/v2\/posts"}],"about":[{"href":"https:\/\/www.promendoza.com\/es\/wp-json\/wp\/v2\/types\/post"}],"author":[{"embeddable":true,"href":"https:\/\/www.promendoza.com\/es\/wp-json\/wp\/v2\/users\/1"}],"replies":[{"embeddable":true,"href":"https:\/\/www.promendoza.com\/es\/wp-json\/wp\/v2\/comments?post=9639"}],"version-history":[{"count":1,"href":"https:\/\/www.promendoza.com\/es\/wp-json\/wp\/v2\/posts\/9639\/revisions"}],"predecessor-version":[{"id":9641,"href":"https:\/\/www.promendoza.com\/es\/wp-json\/wp\/v2\/posts\/9639\/revisions\/9641"}],"wp:featuredmedia":[{"embeddable":true,"href":"https:\/\/www.promendoza.com\/es\/wp-json\/wp\/v2\/media\/9640"}],"wp:attachment":[{"href":"https:\/\/www.promendoza.com\/es\/wp-json\/wp\/v2\/media?parent=9639"}],"wp:term":[{"taxonomy":"category","embeddable":true,"href":"https:\/\/www.promendoza.com\/es\/wp-json\/wp\/v2\/categories?post=9639"},{"taxonomy":"post_tag","embeddable":true,"href":"https:\/\/www.promendoza.com\/es\/wp-json\/wp\/v2\/tags?post=9639"}],"curies":[{"name":"wp","href":"https:\/\/api.w.org\/{rel}","templated":true}]}}