{"id":9655,"date":"2019-10-13T12:54:20","date_gmt":"2019-10-13T12:54:20","guid":{"rendered":"https:\/\/www.promendoza.com\/?p=9655"},"modified":"2020-01-13T12:59:27","modified_gmt":"2020-01-13T12:59:27","slug":"alberto-carleti-forjamos-un-ambito-de-participacion-y-de-dialogo-permanente","status":"publish","type":"post","link":"https:\/\/www.promendoza.com\/es\/alberto-carleti-forjamos-un-ambito-de-participacion-y-de-dialogo-permanente\/","title":{"rendered":"Alberto Carleti: \u201cForjamos un \u00e1mbito de participaci\u00f3n y de di\u00e1logo permanente\u201d"},"content":{"rendered":"<style type=\"text\/css\"><\/style><h3>El titular Federaci\u00f3n Econ\u00f3mica de Mendoza habl\u00f3 de las perspectivas econ\u00f3micas a futuro, del rol dirigencial y comercial.<\/h3>\n<p>La Federaci\u00f3n Econ\u00f3mica de Mendoza (FEM), on octubre,<strong>\u00a0celebrar\u00e1 un nuevo Aniversario. Alberto Carleti, titular de la entidad creada en 1953<\/strong>, realiz\u00f3 un repaso de lo actuado en su gesti\u00f3n, habl\u00f3 de las perspectivas econ\u00f3micas a futuro, el rol dirigencial\u00a0 y el comercial.<\/p>\n<p><strong>\u00bfQu\u00e9 acciones impuls\u00f3 la Federaci\u00f3n para fortalecer a las c\u00e1maras regionales?<\/strong><\/p>\n<p>-Desde el inicio de nuestra gesti\u00f3n nos propusimos como eje de trabajo fortalecer el vincul\u00f3 institucional con todas las c\u00e1maras e instituciones que pertenecen a FEM. Hemos realizado un sin n\u00famero de capacitaciones en los m\u00e1s diversos temas, desde el manejo de redes sociales al armado de vidrieras, tambi\u00e9n actividades de promoci\u00f3n de venta y acciones publicitarias.<\/p>\n<p>Forjamos un \u00e1mbito de participaci\u00f3n y de di\u00e1logo permanente, nuestro comit\u00e9 de presidencia est\u00e1 compuesto por cuatro vicepresidentes de c\u00e1maras territoriales y cuatro vicepresidentes sectoriales. Llevamos adelante una gran labor con los j\u00f3venes, con el objetivo de lograr una renovaci\u00f3n en la dirigencia y formar nuevos l\u00edderes. Hemos dado una mayor participaci\u00f3n a la mujer generando acciones espec\u00edficas; el \u00e1rea de comercio exterior est\u00e1 dirigida por una destacada empresaria.<\/p>\n<p><strong>-\u00bfCu\u00e1l es el sector que mayor proyecci\u00f3n tiene?<\/strong><\/p>\n<p>-Como representante de una c\u00e1mara multisectorial nos preocupamos por el cuidado de todas nuestras \u00e1reas, porque las Pymes representan el 95% del total de las empresas mendocinas que nos integran.<\/p>\n<p>Vemos en el turismo uno de los sectores con mayor proyecci\u00f3n, debemos planificar y coordinar su crecimiento, en este sentido articulamos la tarea con instituciones como Ahega y las c\u00e1maras locales.<\/p>\n<p>La log\u00edstica y el transporte son dos sectores relevantes, apoyamos a la c\u00e1mara de San Martin en su trabajo con el Pasip y la doble v\u00eda Palmira \u2013 Agrelo, porque permitir\u00e1 reubicar el Puerto Seco y Zona Franca. Contribuimos al proyecto Ferrocarril Uni\u00f3n Pac\u00edfico en el sur provincial, que operar\u00e1 ramales existentes.<\/p>\n<p>En el campo agroindustrial, hay rubros -distintos de la vid-, que han sido postergados; hubo un sector frut\u00edcola pujante\u00a0 y diversificado que gener\u00f3 desarrollo y la metalmec\u00e1nica\u00a0 asociada a esta actividad, es algo que debemos recuperar.<\/p>\n<div id=\"hybs-mslot-1467018f-1\" class=\"hybs-mslot\">\n<p>Deseo ser enf\u00e1tico en este tema, pidiendo que se preste\u00a0 atenci\u00f3n\u00a0 y cuidado en todas\u00a0 actividades productivas, en\u00a0 Mendoza tenemos la posibilidad de producir distintos alimentos, es una ventaja competitiva que debemos aprovechar.<\/p>\n<p>Portezuelo del viento ser\u00e1 una de las mayores obras realizadas en nuestra provincia, estamos comprometidos con la c\u00e1mara territorial del Sur, como tambi\u00e9n todos los sectores que puedan participar de los beneficios de este proyecto, pretendemos que el mismo sea dinamizador del sector Pyme mendocino.<\/p>\n<div class=\"peperito-text\">\n<div class=\"col-xs-20\">\n<p><strong>-En cuanto a los acuerdos comerciales con Chile y otros pa\u00edses, \u00bfcomo integrantes de ProMendoza, qu\u00e9 iniciativas proponen?<\/strong><\/p>\n<p>-Durante este Ultimo tiempo avanz\u00f3 en los acuerdo comerciales, sin duda la proximidad con Chile y todos los puntos que tenemos en com\u00fan hacen que debamos potenciar nuestra integraci\u00f3n con el pa\u00eds trasandino, desde ProMendoza, se ha trabajado en la instalaci\u00f3n de un Hub log\u00edstico en Los Andes para facilitar el comercio de empresas de Argentina, tanto en Chile como en\u00a0 otros mercados, al igual que con los Hub de medio oriente y China.<\/p>\n<p>Hemos trabajado junto a ProMendoza en el estudio de la integraci\u00f3n de las cadenas productiva con Chile, teniendo especial cuidado que este proceso no promueva la precarizaci\u00f3n de nuestras actividades, por el contrario que el acuerdo sea beneficioso y equitativo para ambas partes.<\/p>\n<p>Generamos un sector de comercio exterior dentro de nuestra entidad, organizamos una ronda de negocios con empresarios chilenos, donde asistieron 90 empresas, estamos trabajando coordinadamente con el Consulado de Chile, ProChile y ProMendoza.<\/p>\n<p>Propiciamos e iniciamos desde Promendoza el protocolo de cerezas a China que finalmente se logro en el 2018, estamos impulsando el mismo tratamiento para ciruelas y otra fruta de carozo, debemos continuar en nuevos acuerdos comerciales, protocolos fitosanitarios y reducci\u00f3n de aranceles, esta es una tarea continua.<\/p>\n<p><strong>-Se profundiz\u00f3 la idea de los centros comerciales a cielo abierto pensando en el turismo<\/strong><\/p>\n<p>Es un programa ideado e impulsado por CAME, que\u00a0 se lleva adelante a trav\u00e9s de FEM en convenio con los municipios. Hemos trabajado con este programa con Tunuy\u00e1n, Luj\u00e1n, Ciudad de Mendoza, San Martin y en estos momentos lo estamos haciendo con Maip\u00fa y Malarg\u00fce. Es un proyecto que requiere de inversiones en infraestructura, de capacitaci\u00f3n, concientizaci\u00f3n, implementaci\u00f3n y gerenciamiento, por lo cual necesita de permanencia en el tiempo. Hemos observado avances y beneficios para el comercio local en los distintos lugares del pa\u00eds donde se ha implementado. El turismo es un factor que potencia y se asocia a esta actividad, este es un modelo basado en la reconversi\u00f3n del comercio tradicional de los peque\u00f1os centros urbanos de Espa\u00f1a, que revalorizaron los espacios culturales y comerciales de cada lugar. Consideramos que Mendoza tiene un gran potencial para trabajar en este sentido.<\/p>\n<p><strong>-\u00bfCu\u00e1l es la actualidad del comercio local?<\/strong><\/p>\n<p>Sin duda\u00a0 est\u00e1 atravesando por una dif\u00edcil situaci\u00f3n, desde nuestra Federaci\u00f3n publicamos mensualmente el \u00edndice de ventas que en agosto pasado muestra que cayeron un 18%\u00a0 y\u00a0 un 13,5% desde enero a agosto de 2019, esto refleja desde un dato t\u00e9cnico la situaci\u00f3n del sector. D\u00edas atr\u00e1s fuimos muy cr\u00edticos ante la decisi\u00f3n del gobierno nacional de instrumentar un bono, manifestando que ser\u00eda muy dif\u00edcil para las Pymes poder hacerle frente atendiendo a la situaci\u00f3n que atraviesa el comercio local. La falta de financiamiento y las altas tasas de inter\u00e9s conspiran contra cualquier actividad comercial y agravan a\u00fan m\u00e1s la situaci\u00f3n empresaria.<\/p>\n<div class=\"peperito-text\">\n<div class=\"col-xs-20\">\n<p>Desde CAME se solicit\u00f3 se declare la \u00abEmergencia Pyme\u00bb -teniendo en cuenta la situaci\u00f3n que atraviesan los distintos sectores-, l\u00edneas de cr\u00e9dito productivas al 21 %, eximir del cobro de IVA e Ingresos brutos en las boletas de agua, luz y gas, suspensi\u00f3n del pago de anticipo de ganancias entre otros.<\/p>\n<p>Acciones como el Ahora 12 y otras que tiendan a favorecer las compras a cr\u00e9dito son herramientas que han ayudado a sostener las ventas.<\/p>\n<p><strong>-\u00bfSe avanzar\u00e1 sobre la idea de lograr implementar el horario corrido?<\/strong><\/p>\n<p>-Este es un tema que surge a\u00f1o a a\u00f1o, y desde nuestra Federaci\u00f3n sostenemos, que existe la libertad de los horarios de atenci\u00f3n, si se cumplen\u00a0 con todas las normativas laborales al respecto. Adem\u00e1s pensamos que su implementaci\u00f3n debe estar dentro de un programa integral que debe tener adhesi\u00f3n de otros sectores como por ejemplo: el bancario; no debe ser solo para el comercio, tambi\u00e9n se deber\u00eda coordinar con el transporte p\u00fablico y la administraci\u00f3n p\u00fablica, es necesario un cambio de habit\u00f3 y cultural. Adem\u00e1s podr\u00eda ser aplicable solo para la ciudad de Mendoza, en los departamentos es algo que no funcionaria.<\/p>\n<p><strong>-\u00bfC\u00f3mo ha respondido las medidas pro consumo despu\u00e9s de las paso de agosto?<\/strong><\/p>\n<p>Estamos en la elaboraci\u00f3n de nuestro informe de ventas del setiembre donde podremos ver el impacto de estas medidas, estimamos\u00a0 que la implementaci\u00f3n de las mismas aportaron un alivio a la situaci\u00f3n que se produjo despu\u00e9s de las PASO. El\u00a0 bono para los empleados, la baja en el IVA para los alimentos, si bien traen alg\u00fan tipo de complicaciones en su instrumentaci\u00f3n, son beneficiosas porque significan una ayuda para el deteriorado poder adquisitivo del consumidor, por lo tanto logran una recuperaci\u00f3n en la ventas, como tambi\u00e9n lo son al Ahora 12 o 18.<\/p>\n<p>Nos preocupa que este tipo de medidas\u00a0 lleguen para atender una situaci\u00f3n de emergencia y que no respondan a un plan econ\u00f3mico que sea sustentable en el tiempo y nos conduzca al crecimiento.<\/p>\n<p><strong>-\u00bfTienen otras estrategias para frenar la ca\u00edda del consumo?<\/strong><\/p>\n<p>Se han realizado acciones puntuales para fechas espec\u00edficas como el D\u00eda del Padre, D\u00eda del Ni\u00f1o, implementando acciones de difusi\u00f3n y publicidad y acordando con los comercios descuentos especiales, como puede ser por forma de pago. Estas acciones siempre las realizamos a trav\u00e9s de nuestras c\u00e1maras territoriales atendiendo la particularidades de cada una.<\/p>\n<\/div>\n<\/div>\n<\/div>\n<\/div>\n<\/div>\n<p><strong>-Con este escenario cambiario, \u00bfc\u00f3mo eval\u00faa las exportaciones de 2020?<\/strong><\/p>\n<p>Sin duda todas las empresas est\u00e1n direccionando su gesti\u00f3n comercial hacia la exportaci\u00f3n, no solo observando la situaci\u00f3n cambiaria, sino tambi\u00e9n impulsado por el deterioro del mercado interno. En este sentido veremos crecer los vol\u00famenes de exportaci\u00f3n en 2020, ya hemos podido observar un crecimiento de este sector este a\u00f1o. Aspiramos a que el fomento del comercio exterior sea una pol\u00edtica dentro del plan econ\u00f3mico del nuevo gobierno.<\/p>\n<p>Las Pymes necesitamos de una pol\u00edtica exportadora sustentable y que este m\u00e1s all\u00e1 de la simple situaci\u00f3n favorable por el tipo de cambio, en este sentido Mendoza tiene un perfil agro exportador e \u00a0industrial que puede posicionarse en distintos mercados del mundo y de esto hemos dado pruebas.<\/p>\n<p><strong>-\u00bfCu\u00e1l es el sector con mayores posibilidades de crecimiento por la suba del d\u00f3lar?.<\/strong><\/p>\n<p>La suba del d\u00f3lar no ha tenido un efecto que haya sido determinante para una actividad en especial, por el contexto en que se produjo ha venido acompa\u00f1ado de un proceso de inflaci\u00f3n y altas tasas de inter\u00e9s que hacen dif\u00edcil la actividad econ\u00f3mica. Podemos observar que ha dinamizado el turismo extranjero y que poco a poco las empresas tienden a direccionar sus negocios hacia la exportaci\u00f3n tratando de aprovechar la ventaja de un tipo de cambio.<\/p>\n<p>El vino a granel tambi\u00e9n tuvo un crecimiento importante. Esperamos y solicitamos que la pol\u00edtica del nuevo gobierno tenga una firme posici\u00f3n en cuanto al comercio exterior. La \u00fanica manera que tenemos de generar d\u00f3lares genuinos que nos permitan pagar las deudas contra\u00eddas es mediante la exportaci\u00f3n de nuestros productos, eso tambi\u00e9n traer\u00e1 crecimiento y generar\u00e1 empleo privado.<\/p>\n<p>Somos optimistas y creemos en nuestra provincia, convencidos del potencial t\u00e9cnico, humano y productivo que tiene Mendoza.<\/p>\n<p>Fuente: Los Andes<\/p>\n","protected":false},"excerpt":{"rendered":"<p>El titular Federaci\u00f3n Econ\u00f3mica de Mendoza habl\u00f3 de las perspectivas econ\u00f3micas a futuro, del rol dirigencial y comercial. La Federaci\u00f3n Econ\u00f3mica de Mendoza (FEM), on octubre,\u00a0celebrar\u00e1 un nuevo Aniversario. Alberto&#8230;<\/p>\n","protected":false},"author":1,"featured_media":9656,"comment_status":"closed","ping_status":"open","sticky":false,"template":"","format":"image","meta":[],"categories":[29],"tags":[],"_links":{"self":[{"href":"https:\/\/www.promendoza.com\/es\/wp-json\/wp\/v2\/posts\/9655"}],"collection":[{"href":"https:\/\/www.promendoza.com\/es\/wp-json\/wp\/v2\/posts"}],"about":[{"href":"https:\/\/www.promendoza.com\/es\/wp-json\/wp\/v2\/types\/post"}],"author":[{"embeddable":true,"href":"https:\/\/www.promendoza.com\/es\/wp-json\/wp\/v2\/users\/1"}],"replies":[{"embeddable":true,"href":"https:\/\/www.promendoza.com\/es\/wp-json\/wp\/v2\/comments?post=9655"}],"version-history":[{"count":1,"href":"https:\/\/www.promendoza.com\/es\/wp-json\/wp\/v2\/posts\/9655\/revisions"}],"predecessor-version":[{"id":9657,"href":"https:\/\/www.promendoza.com\/es\/wp-json\/wp\/v2\/posts\/9655\/revisions\/9657"}],"wp:featuredmedia":[{"embeddable":true,"href":"https:\/\/www.promendoza.com\/es\/wp-json\/wp\/v2\/media\/9656"}],"wp:attachment":[{"href":"https:\/\/www.promendoza.com\/es\/wp-json\/wp\/v2\/media?parent=9655"}],"wp:term":[{"taxonomy":"category","embeddable":true,"href":"https:\/\/www.promendoza.com\/es\/wp-json\/wp\/v2\/categories?post=9655"},{"taxonomy":"post_tag","embeddable":true,"href":"https:\/\/www.promendoza.com\/es\/wp-json\/wp\/v2\/tags?post=9655"}],"curies":[{"name":"wp","href":"https:\/\/api.w.org\/{rel}","templated":true}]}}