{"id":9748,"date":"2019-12-02T14:18:28","date_gmt":"2019-12-02T14:18:28","guid":{"rendered":"https:\/\/www.promendoza.com\/?p=9748"},"modified":"2020-01-13T14:22:26","modified_gmt":"2020-01-13T14:22:26","slug":"gran-presencia-de-bodegas-mendocinas-en-la-world-bulk-wine-exhibition-en-holanda","status":"publish","type":"post","link":"https:\/\/www.promendoza.com\/es\/gran-presencia-de-bodegas-mendocinas-en-la-world-bulk-wine-exhibition-en-holanda\/","title":{"rendered":"Gran presencia de bodegas mendocinas en la World Bulk Wine Exhibition en Holanda"},"content":{"rendered":"<style type=\"text\/css\"><\/style><h3>Se trata de una de las ferias de vino a granel m\u00e1s importante del mundo. Una comitiva oficial participar\u00e1 hoy y ma\u00f1ana de las actividades.<\/h3>\n<p>Desde <strong>hoy y hasta ma\u00f1ana<\/strong>, se realiza en\u00a0<strong>Amsterdam la\u00a0World Bulk Wine Exhibition\u00a0(Exposici\u00f3n Mundial de Vino a Granel)<\/strong>,\u00a0una de las ferias de este producto m\u00e1s importantes del mundo.<\/p>\n<p>En 2019,\u00a0<strong>la WBWE cumple 11 a\u00f1os<\/strong>\u00a0atrayendo a todo el sector internacional del vino a Amsterdam con un mismo objetivo:\u00a0<strong>hacer negocios.\u00a0<\/strong>Es un\u00a0encuentro que re\u00fane, en dos d\u00edas, a<strong>\u00a0los actores\u00a0del\u00a075 por ciento\u00a0del vino a granel que se exporta a nivel mundial.<\/strong><\/p>\n<p><strong>Fuerte presencia de bodegas locales<\/strong><\/p>\n<p>Como en otras, esta feria re\u00fane a una gran cantidad de bodegas locales. Participan por Mendoza:\u00a0<strong>Barbarians, Carelli, H\u00e9ctor Meli, Mara\u00f1on, Correas, Sin Fin, Tittarelli, Pulenta, Corbeau, Finca Agostino, Galeano &#038; Antonacci, Clop Wines, Proemio, Lost Valley, Mendoza Vineyards, Borbore, Royal Mount , Jasmine Monet, Tergus Wines, Claroscuro, Pe\u00f1aflor, Avinea, Belhara Estate, Juviar, La Fortuna Wine Export, Fecovita y Wenfor.<\/strong><\/p>\n<p>La presencia de las bodegas argentinas es muy importante, destac\u00e1ndose Mendoza, que\u00a0<strong>aporta 27 sobre un total de 36 que Argentina<\/strong>\u00a0presenta en ese \u00e1mbito de negocios.<\/p>\n<p><a href=\"https:\/\/www.promendoza.com\/wp-content\/uploads\/2020\/01\/image5de507755ba9d.jpeg\"><img loading=\"lazy\" class=\"aligncenter size-full wp-image-9749\" src=\"https:\/\/www.promendoza.com\/wp-content\/uploads\/2020\/01\/image5de507755ba9d.jpeg\" alt=\"\" width=\"700\" height=\"525\" srcset=\"https:\/\/www.promendoza.com\/wp-content\/uploads\/2020\/01\/image5de507755ba9d.jpeg 700w, https:\/\/www.promendoza.com\/wp-content\/uploads\/2020\/01\/image5de507755ba9d-300x225.jpeg 300w, https:\/\/www.promendoza.com\/wp-content\/uploads\/2020\/01\/image5de507755ba9d-580x435.jpeg 580w\" sizes=\"(max-width: 700px) 100vw, 700px\" \/><\/a><\/p>\n<p>Invitados por el Consejo Federal de Inversiones, hoy participar\u00e1n del corte de cinta e inicio de WBWE el ministro de Econom\u00eda, Infraestructura y Energ\u00eda,<strong>\u00a0Mart\u00edn Kerchner<\/strong>; el vicegobernador electo,\u00a0<strong>Mario Abed;<\/strong>\u00a0el ministro de Producci\u00f3n de San Juan,\u00a0<strong>Andr\u00e9s D\u00edaz Cano,<\/strong>\u00a0y el titular del Iscamen,\u00a0<strong>Alejandro Molero.<\/strong><\/p>\n<p>En primer lugar visitar\u00e1n Delta Wines, una de las importadoras m\u00e1s grandes del pa\u00eds, que se destaca por importar vino a granel para embotellarlo y distribuirlo\u00a0en todo el Norte de Europa.<\/p>\n<p>La agenda del martes incluye la<strong>\u00a0visita a Wine Excel, la empresa de embotellado de vino<\/strong>\u00a0m\u00e1s grande de los Pa\u00edses Bajos y especialista en compra, embotellado y venta de vino. Se trata del embotellador de vino de mayor calidad en la regi\u00f3n, con una red log\u00edstica mundial de env\u00edos permanentes a todo el mundo.<\/p>\n<p>Asimismo, los funcionarios\u00a0participar\u00e1n en un\u00a0<strong>seminario de vinos argentinos, organizado dentro de la feria y dictado por la ingeniera agr\u00f3noma mendocina Cristina Pandolfi, denominado \u201cArgentina m\u00e1s all\u00e1 de malbec: un sabor de mezclas. Una mirada a la mezcla de vino argentino para el mercado europeo y las posibilidades del consumidor\u201d.<\/strong><\/p>\n<p>Fuente: Los Andes<\/p>\n","protected":false},"excerpt":{"rendered":"<p>Se trata de una de las ferias de vino a granel m\u00e1s importante del mundo. Una comitiva oficial participar\u00e1 hoy y ma\u00f1ana de las actividades. Desde hoy y hasta ma\u00f1ana,&#8230;<\/p>\n","protected":false},"author":1,"featured_media":9750,"comment_status":"closed","ping_status":"open","sticky":false,"template":"","format":"image","meta":[],"categories":[96],"tags":[],"_links":{"self":[{"href":"https:\/\/www.promendoza.com\/es\/wp-json\/wp\/v2\/posts\/9748"}],"collection":[{"href":"https:\/\/www.promendoza.com\/es\/wp-json\/wp\/v2\/posts"}],"about":[{"href":"https:\/\/www.promendoza.com\/es\/wp-json\/wp\/v2\/types\/post"}],"author":[{"embeddable":true,"href":"https:\/\/www.promendoza.com\/es\/wp-json\/wp\/v2\/users\/1"}],"replies":[{"embeddable":true,"href":"https:\/\/www.promendoza.com\/es\/wp-json\/wp\/v2\/comments?post=9748"}],"version-history":[{"count":1,"href":"https:\/\/www.promendoza.com\/es\/wp-json\/wp\/v2\/posts\/9748\/revisions"}],"predecessor-version":[{"id":9751,"href":"https:\/\/www.promendoza.com\/es\/wp-json\/wp\/v2\/posts\/9748\/revisions\/9751"}],"wp:featuredmedia":[{"embeddable":true,"href":"https:\/\/www.promendoza.com\/es\/wp-json\/wp\/v2\/media\/9750"}],"wp:attachment":[{"href":"https:\/\/www.promendoza.com\/es\/wp-json\/wp\/v2\/media?parent=9748"}],"wp:term":[{"taxonomy":"category","embeddable":true,"href":"https:\/\/www.promendoza.com\/es\/wp-json\/wp\/v2\/categories?post=9748"},{"taxonomy":"post_tag","embeddable":true,"href":"https:\/\/www.promendoza.com\/es\/wp-json\/wp\/v2\/tags?post=9748"}],"curies":[{"name":"wp","href":"https:\/\/api.w.org\/{rel}","templated":true}]}}