{"id":9761,"date":"2019-12-04T14:29:42","date_gmt":"2019-12-04T14:29:42","guid":{"rendered":"https:\/\/www.promendoza.com\/?p=9761"},"modified":"2020-01-13T14:31:23","modified_gmt":"2020-01-13T14:31:23","slug":"bodegas-sanjuaninas-participaron-en-la-expo-de-vino-a-granel-mas-importante-del-mundo","status":"publish","type":"post","link":"https:\/\/www.promendoza.com\/es\/bodegas-sanjuaninas-participaron-en-la-expo-de-vino-a-granel-mas-importante-del-mundo\/","title":{"rendered":"Bodegas sanjuaninas participaron en la expo de vino a granel m\u00e1s importante del mundo"},"content":{"rendered":"<style type=\"text\/css\"><\/style><p>Las empresas locales expusieron sus productos frente a los distribuidores e importadores de vino a granel m\u00e1s destacados. Hubo diversas reuniones tendientes a avanzar en la comercializaci\u00f3n del vino a granel.<\/p>\n<p>Gran satisfacci\u00f3n expresaron los empresarios sanjuaninos que participaron de la Misi\u00f3n Comercial- t\u00e9cnica que se desarroll\u00f3 en la ciudad holandesa de \u00c1msterdam. Esta participaci\u00f3n, organizada por el Ministerio de Producci\u00f3n y Desarrollo Econ\u00f3mico a trav\u00e9s de la Direcci\u00f3n de Comercio Exterior, dependiente de la Secretar\u00eda de Pol\u00edtica Econ\u00f3mica, en conjunto con el Consejo Federal de Inversiones (CFI), tuvo por objetivo favorecer la internacionalizaci\u00f3n y exportaci\u00f3n de los vinos sanjuaninos y de poner en valor las econom\u00edas regionales.<\/p>\n<p>A esta misi\u00f3n asistieron representantes de las bodegas Tierra del Huarpe, Antigua Bodega, Fraccionadora San Juan, Vi\u00f1edos Pie de Palo y Finca del Enlace, acompa\u00f1ados por el Ministro de Producci\u00f3n y Desarrollo Econ\u00f3mico, licenciado Andr\u00e9s D\u00edaz Cano.<\/p>\n<p>Durante la segunda jornada de la misi\u00f3n comercial, el ministro D\u00edaz Cano y funcionarios de Mendoza visitaron las instalaciones de la fraccionadora y distribuidora de vinos m\u00e1s grande de Holanda, Wine Excel. All\u00ed vieron c\u00f3mo trabajan y c\u00f3mo se realiza la comercializaci\u00f3n de los vinos en toda Europa: se recibe el vino a granel y de acuerdo con los pedidos que tienen a nivel internacional, lo fraccionan lo etiquetan y lo env\u00edan a los diferentes destinos.<\/p>\n<p>En la reuni\u00f3n, que se concret\u00f3 con los directivos de la empresa, estuvieron presentes el vicegobernador electo de Mendoza y actual intendente de la localidad de Junin, Mario Abed, el Ministro de Econom\u00eda, Infraestructura y Energ\u00eda de esa provincia Martin Kerchner Tomba, en representaci\u00f3n del \u00e1rea vinos de ProMendoza estuvo Florencia Rebudero y por San Juan particip\u00f3 el Ministro de Producci\u00f3n y Desarrollo Econ\u00f3mico licenciado Andr\u00e9s D\u00edaz Cano. Durante el encuentro, se evalu\u00f3 la posibilidad de que la empresa recibiera vino argentino con el objetivo de sacar sobretocks.<\/p>\n<p>En la Feria World Bulk Wine Exhibition, los expositores continuaron con la muestra de sus productos frente a distribuidores, mayoristas, importadores y \u201ctraders\u201d de todo el mundo que se dieron cita para conocer las novedades y tendencias en el mundo del vino. En algunos casos lograron cerrar negocios y en otros pudieron establecer contactos para futuros acuerdos comerciales.<\/p>\n<p>En ese espacio, recibieron la visita del CEO de la Feria, Vicente Sanchez Migall\u00f3n y de la manager de la WBWE, Otilia Romero de Cond\u00e9s con quienes se convers\u00f3 sobre las distintas posibilidades para comercializar el vino a granel de tanto de San Juan como de Mendoza. En esa reuni\u00f3n se acord\u00f3 realizar actividades en conjunto para favorecer a todo el sector exportador de la Provincia de San Juan en 2020.<\/p>\n<p>El Ministro D\u00edaz Cano se reuni\u00f3 con representantes de la embajada argentina en Holanda con quienes se convers\u00f3 sobre la posibilidad de organizar un reencuentro con algunos compradores holandeses durante la celebraci\u00f3n del D\u00eda del Malbec con la idea de avanzar en negociaciones con bodegas sanjuaninas.<\/p>\n<p>Durante la Feria, adem\u00e1s se hizo el anuncio del Concurso de Vinos de Altura que se convocar\u00e1 para pr\u00f3ximo a\u00f1o.<\/p>\n<p><strong>World Bulk Wine Exhibition<\/strong>\u00a0se celebra por und\u00e9cimo a\u00f1o consecutivo en la ciudad de \u00c1msterdam y constituye un gran centro de negocios que se encuentra muy cerca de casi todas las capitales europeas ya que cuenta con uno de los aeropuertos internacionales de mayor tr\u00e1fico a\u00e9reo del mundo. All\u00ed es posible aglutinar en s\u00f3lo 48 horas a todo el mundo del vino a granel sin necesidad de quitarle m\u00e1s tiempo del preciso en las negociaciones.<\/p>\n<p>Esta feria supone un lugar de encuentro \u00fanico formado por una zona de exhibici\u00f3n, donde los expositores disponen de stands para ofrecer sus vinos, y otro sector en el que expertos del \u00e1rea brindaron conferencias sobre diversas tem\u00e1ticas.<\/p>\n<p>Fuente: Si San Juan<\/p>\n<p>&nbsp;<\/p>\n","protected":false},"excerpt":{"rendered":"<p>Las empresas locales expusieron sus productos frente a los distribuidores e importadores de vino a granel m\u00e1s destacados. Hubo diversas reuniones tendientes a avanzar en la comercializaci\u00f3n del vino a&#8230;<\/p>\n","protected":false},"author":1,"featured_media":9762,"comment_status":"closed","ping_status":"open","sticky":false,"template":"","format":"image","meta":[],"categories":[48],"tags":[],"_links":{"self":[{"href":"https:\/\/www.promendoza.com\/es\/wp-json\/wp\/v2\/posts\/9761"}],"collection":[{"href":"https:\/\/www.promendoza.com\/es\/wp-json\/wp\/v2\/posts"}],"about":[{"href":"https:\/\/www.promendoza.com\/es\/wp-json\/wp\/v2\/types\/post"}],"author":[{"embeddable":true,"href":"https:\/\/www.promendoza.com\/es\/wp-json\/wp\/v2\/users\/1"}],"replies":[{"embeddable":true,"href":"https:\/\/www.promendoza.com\/es\/wp-json\/wp\/v2\/comments?post=9761"}],"version-history":[{"count":1,"href":"https:\/\/www.promendoza.com\/es\/wp-json\/wp\/v2\/posts\/9761\/revisions"}],"predecessor-version":[{"id":9763,"href":"https:\/\/www.promendoza.com\/es\/wp-json\/wp\/v2\/posts\/9761\/revisions\/9763"}],"wp:featuredmedia":[{"embeddable":true,"href":"https:\/\/www.promendoza.com\/es\/wp-json\/wp\/v2\/media\/9762"}],"wp:attachment":[{"href":"https:\/\/www.promendoza.com\/es\/wp-json\/wp\/v2\/media?parent=9761"}],"wp:term":[{"taxonomy":"category","embeddable":true,"href":"https:\/\/www.promendoza.com\/es\/wp-json\/wp\/v2\/categories?post=9761"},{"taxonomy":"post_tag","embeddable":true,"href":"https:\/\/www.promendoza.com\/es\/wp-json\/wp\/v2\/tags?post=9761"}],"curies":[{"name":"wp","href":"https:\/\/api.w.org\/{rel}","templated":true}]}}