{"id":9770,"date":"2020-01-02T14:57:44","date_gmt":"2020-01-02T14:57:44","guid":{"rendered":"https:\/\/www.promendoza.com\/?p=9770"},"modified":"2020-01-13T15:01:37","modified_gmt":"2020-01-13T15:01:37","slug":"el-gobierno-apuesta-al-petroleo-tras-el-reves-con-la-mineria","status":"publish","type":"post","link":"https:\/\/www.promendoza.com\/es\/el-gobierno-apuesta-al-petroleo-tras-el-reves-con-la-mineria\/","title":{"rendered":"El Gobierno apuesta al petr\u00f3leo tras el rev\u00e9s con la miner\u00eda"},"content":{"rendered":"<style type=\"text\/css\"><\/style><h3>Para dinamizar los procesos de exploraci\u00f3n en la provincia, las \u00e1reas tendr\u00e1n terrenos m\u00e1s chicos y plazos m\u00e1s cortos<\/h3>\n<p>El gobierno provincial se ha fijado la meta de licitar al menos seis \u00e1reas petroleras, de un total de una docena en carpeta, en el primer semestre de 2020. Se trata de terrenos de menor extensi\u00f3n de la acostumbrada, lo que permite que la inversi\u00f3n sea inferior, los plazos de exploraci\u00f3n y prospecci\u00f3n m\u00e1s acotados, y la recuperaci\u00f3n de lo invertido m\u00e1s r\u00e1pida. En esta l\u00ednea,<strong>\u00a0ProMendoza empezar\u00e1 a trabajar tambi\u00e9n como una agencia de atracci\u00f3n de inversiones externas hidrocarburos, energ\u00edas renovables e hidroel\u00e9ctricas.<\/strong><\/p>\n<p>Es que con la miner\u00eda fuera del esquema, el gobierno debe buscar otras alternativas para generar empleo y dinamizar la econom\u00eda de Mendoza.\u00a0<strong>Cabe recordar que entre 2013 y 2018, la econom\u00eda provincial se redujo un 3,6%, principalmente de la mano de una retracci\u00f3n de la industria manufacturera, que cay\u00f3 un 24,2% en esos cinco a\u00f1os<\/strong>\u00a0(y representa el 14% del Producto Bruto Geogr\u00e1fico). Tambi\u00e9n tuvieron importantes bajas la producci\u00f3n agropecuaria (-14,4%) y el rubro comercio, restaurantes y hoteles (-10,2%).<\/p>\n<p>Dentro de la industria, la refinaci\u00f3n de petr\u00f3leo registr\u00f3 un descenso de 10% entre 2013 y 2018. A\u00fan m\u00e1s, de enero a setiembre de 2019, las tres principales petroleras en la provincia presentaron una\u00a0<strong>ca\u00edda de 8% en la producci\u00f3n de crudo y acumulan 12 meses consecutivos de descenso.\u00a0<\/strong><\/p>\n<p>La clave para poder frenar esta reducci\u00f3n, para el gobierno provincial, es licitar nuevos pozos. Pero como la producci\u00f3n no convencional est\u00e1 subsidiada desde hace casi una d\u00e9cada, la tradicional ha ido perdiendo inversiones. De ah\u00ed que se haya optado por algunas explotaciones no convencionales -con la regulaci\u00f3n del fracking- y tambi\u00e9n por que las futuras licitaciones sean por un plazo de explotaci\u00f3n m\u00e1s reducido,<strong>\u00a0las \u00e1reas de menor extensi\u00f3n de terreno y los\u00a0 plazos para las etapas previas a la producci\u00f3n m\u00e1s acotados.\u00a0<\/strong><\/p>\n<p><strong>Con este nuevo esquema, el gobierno provincial se ha fijado una \u201cm\u00ednima\u201d de licitar seis \u00e1reas petroleras antes de que termine el primer semestre.<\/strong>\u00a0Esto, con la labor asociada de ProMendoza, que ya no s\u00f3lo promover\u00e1 la exportaci\u00f3n de productos sino que funcionar\u00e1 como una agencia en b\u00fasqueda de inversiones for\u00e1neas en sectores que se consideran claves: hidrocarburos, energ\u00edas renovables e hidroel\u00e9ctricas.<\/p>\n<p>Tambi\u00e9n, tal como\u00a0<strong>confirm\u00f3 a Los Andes, el secretario de ambiente de la provincia,\u00a0<\/strong>Humberto Mingorance, hay en estudio tres \u00e1reas petroleras para el desarrollo de fracking, que se sumar\u00edan este a\u00f1o al desarrollo realizado en Puesto Rojas.<\/p>\n<h3><strong>D\u00f3nde enfocarse<\/strong><\/h3>\n<p>La falta de empleo en Mendoza es un problema que recrudecido en los \u00faltimos doce meses.\u00a0 Seg\u00fan datos del Indec, la desocupaci\u00f3n en la<strong>\u00a0provincia llega al 8,6% en el tercer trimestre de 2019<\/strong>, lo que significa un incremento de 2,2 puntos por encima del mismo per\u00edodo de 2018. Esto implica que hay 42 mil mendocinos que buscan trabajo sin encontrarlo (13.300 personas m\u00e1s que en 2018). Por lo que se buscan otras alternativas, as\u00ed desde el Ministerio de Econom\u00eda mencionan la puesta en marcha de\u00a0\u00a0<strong>Portezuelo del Viento como un dinamizador de la mano de obra, para lo cual ya se ofrecen capacitaciones.\u00a0<\/strong><\/p>\n<h3><strong>Los otros jugadores<\/strong><\/h3>\n<p>Facundo Biffi, jefe de Gabinete del Ministerio de Econom\u00eda y Energ\u00eda, explic\u00f3 que en el presupuesto que se comienza a tratar en comisiones hoy,\u00a0 est\u00e1n incluidas las l\u00edneas de trabajo con agricultura, ganader\u00eda, industria, comercio y que, a diferencia de estos sectores, la miner\u00eda no requer\u00eda acompa\u00f1amiento del Estado.<strong>\u00a0El financiamiento para los primeros apunta a ayudarlos a dar un salto en la competitividad y que, en el mediano plazo, ya no dependan del apoyo estatal.\u00a0<\/strong><\/p>\n<p>Biffi mencion\u00f3 tambi\u00e9n la industria basada en el conocimiento, con una importante demanda de mano de obra y un salario promedio por encima de la media. En este sentido, se est\u00e1 pensando en generar\u00a0<strong>nuevos polos TIC en las diversas zonas de la provincia.<\/strong><\/p>\n<p><strong>El funcionario indic\u00f3 que se est\u00e1 abordando los distintos componentes de la matriz productiva existente, pero sin abandonar la intenci\u00f3n de ampliarla.<\/strong>\u00a0Y a\u00f1adi\u00f3 que, por m\u00e1s que algunas experiencias no hayan funcionado en otros lugares, no quiere decir que no puedan funcionar en Mendoza. Aclar\u00f3 que esto no s\u00f3lo se refiere a la miner\u00eda, sino tambi\u00e9n al banco provincial. Seg\u00fan explic\u00f3 el ministro de Econom\u00eda el banco no necesariamente tiene que ser p\u00fablico, pero debe canaliza la mayor parte de los ahorros.<\/p>\n<h3><strong>Turismo y construcci\u00f3n, otra opci\u00f3n<\/strong><\/h3>\n<p>Fernando Barbera, presidente de la Asociaci\u00f3n Empresaria Hotelero Gastron\u00f3mica y Afines de Mendoza (Aehga),<strong>\u00a0plante\u00f3 que la matriz productiva de Mendoza se puede ampliar y no s\u00f3lo con la miner\u00eda;<\/strong> aunque esto no implica para \u00e9l excluirla, sino generar un amplio di\u00e1logo de d\u00f3nde se puede realizar y qu\u00e9 tipo.<\/p>\n<p>Barbera indic\u00f3 que el turismo es una industria de mano de obra intensiva y con la capacidad de generar puestos de trabajo en diversos lugares de la provincia, incluido el campo. Y a\u00f1adi\u00f3 que<strong>\u00a0puede incorporar en la cadena de valor de la gastronom\u00eda a los peque\u00f1os productores de hortalizas.\u00a0<\/strong><\/p>\n<p>Se\u00f1al\u00f3 que en los \u201870 hab\u00eda mayor n\u00famero de turistas en alta monta\u00f1a y que hoy son muchas las cosas que se puede hacer para desarrollar su potencial, desde Malarg\u00fce a Las Cuevas. Sin embargo, para ello se necesita de pol\u00edticas p\u00fablicas de\u00a0 financiamiento o beneficios impositivos, como tienen otras actividades, y de infraestructura.\u00a0<strong>El titular de Aehga tambi\u00e9n se\u00f1al\u00f3 que la industria del conocimiento puede generar mucho trabajo, pero es necesaria capacitaci\u00f3n.\u00a0<\/strong><\/p>\n<p>Por su parte, Daniel Ariosto, presidente de la Uni\u00f3n Comercial e Industrial de Mendoza (UCIM), se\u00f1al\u00f3 que ligar el desarrollo de la megaminer\u00eda metal\u00edfera, a la matriz productiva de la provincia y dar entender que es la \u00fanica salvaci\u00f3n es un equ\u00edvoco. Y enumer\u00f3:\u00a0<strong>\u201cinform\u00e1tica, comercio, turismo, metalmec\u00e1nica, agricultura, vitivinicultura y construcci\u00f3n como actividades con capacidad de generar trabajo y disminuir la pobreza\u201d.\u00a0<\/strong><\/p>\n<p>El empresario indic\u00f3 que en la mesa ejecutiva de UCIM analizaron el papel clave de las obras p\u00fablicas en el empleo formal y el efecto derrame de un incremento de la capacidad de consumo de esas familias en otros sectores de la econom\u00eda. Pero tambi\u00e9n mencion\u00f3 en el mismo sentido a Portezuelo del Viento y la posibilidad de que diversas pymes mendocinas participen de modo directo e indirecto en las obras.\u00a0 Asimismo, manifest\u00f3 que el turismo receptivo genera una poblaci\u00f3n flotante que consume durante su estad\u00eda y que<strong>\u00a0a\u00fan se puede avanzar en la promoci\u00f3n de los diversos atractivos en el pa\u00eds.<\/strong><\/p>\n<p>Fuente: Los Andes<\/p>\n<div class=\"peperito-text\">\n<div class=\"col-xs-20\"><\/div>\n<\/div>\n","protected":false},"excerpt":{"rendered":"<p>Para dinamizar los procesos de exploraci\u00f3n en la provincia, las \u00e1reas tendr\u00e1n terrenos m\u00e1s chicos y plazos m\u00e1s cortos El gobierno provincial se ha fijado la meta de licitar al&#8230;<\/p>\n","protected":false},"author":1,"featured_media":9771,"comment_status":"closed","ping_status":"open","sticky":false,"template":"","format":"image","meta":[],"categories":[46],"tags":[],"_links":{"self":[{"href":"https:\/\/www.promendoza.com\/es\/wp-json\/wp\/v2\/posts\/9770"}],"collection":[{"href":"https:\/\/www.promendoza.com\/es\/wp-json\/wp\/v2\/posts"}],"about":[{"href":"https:\/\/www.promendoza.com\/es\/wp-json\/wp\/v2\/types\/post"}],"author":[{"embeddable":true,"href":"https:\/\/www.promendoza.com\/es\/wp-json\/wp\/v2\/users\/1"}],"replies":[{"embeddable":true,"href":"https:\/\/www.promendoza.com\/es\/wp-json\/wp\/v2\/comments?post=9770"}],"version-history":[{"count":1,"href":"https:\/\/www.promendoza.com\/es\/wp-json\/wp\/v2\/posts\/9770\/revisions"}],"predecessor-version":[{"id":9772,"href":"https:\/\/www.promendoza.com\/es\/wp-json\/wp\/v2\/posts\/9770\/revisions\/9772"}],"wp:featuredmedia":[{"embeddable":true,"href":"https:\/\/www.promendoza.com\/es\/wp-json\/wp\/v2\/media\/9771"}],"wp:attachment":[{"href":"https:\/\/www.promendoza.com\/es\/wp-json\/wp\/v2\/media?parent=9770"}],"wp:term":[{"taxonomy":"category","embeddable":true,"href":"https:\/\/www.promendoza.com\/es\/wp-json\/wp\/v2\/categories?post=9770"},{"taxonomy":"post_tag","embeddable":true,"href":"https:\/\/www.promendoza.com\/es\/wp-json\/wp\/v2\/tags?post=9770"}],"curies":[{"name":"wp","href":"https:\/\/api.w.org\/{rel}","templated":true}]}}