{"id":9786,"date":"2020-01-11T15:12:04","date_gmt":"2020-01-11T15:12:04","guid":{"rendered":"https:\/\/www.promendoza.com\/?p=9786"},"modified":"2020-01-13T15:20:47","modified_gmt":"2020-01-13T15:20:47","slug":"mendoza-una-incubadora-de-emprendedores","status":"publish","type":"post","link":"https:\/\/www.promendoza.com\/es\/mendoza-una-incubadora-de-emprendedores\/","title":{"rendered":"Mendoza, una incubadora de emprendedores"},"content":{"rendered":"<style type=\"text\/css\"><\/style><p>En la provincia cuyana existe un plan que apoya proyectos y sostiene la econom\u00eda regional. \u00bfEs posible aplicarlo en todo la Argentina?<\/p>\n<div class=\"row pb-content-type-text\">\n<div class=\"col-xs-12 col-print-12\">\n<p class=\"element element-paragraph\">Argentina y el crecimiento, Argentina y los d\u00f3lares, Argentina y las exportaciones. Argentina y uno de sus dilemas (casi) existenciales: \u00bfc\u00f3mo es posible consolidar una matriz productiva que le permita hacerse de divisas extranjeras, y que a su vez ayuden a conseguir un desarrollo sostenido? Sobre esta pregunta que parece demasiado amplia,\u00a0<a href=\"https:\/\/www.infobae.com\/campo\/2018\/12\/23\/luego-de-la-firma-del-protocolo-para-exportar-a-china-mendoza-muestra-su-potencial-en-la-produccion-de-cerezas\/\">la provincia de Mendoza trabaja desde hace 24 a\u00f1os y pareciera haber empezado a encontrar un principio de respuesta<\/a>.<\/p>\n<div class=\"teads-adCall\">En pleno 1996, a dos a\u00f1os de la crisis regional causada por el Efecto Tequila y en los albores de la segunda presidencia de Carlos Sa\u00fal Menem, el gobierno mendocino fund\u00f3 ProMendoza, un organismo creado en conjunto con la Uni\u00f3n Comercial e Industrial, la Bolsa de Comercio y la Federaci\u00f3n Econ\u00f3mica locales, para acompa\u00f1ar a las peque\u00f1as y medianas empresas en materia de comercio exterior. En la actualidad, y a poco de haber regresado de una misi\u00f3n exitosa en China, la instituci\u00f3n \u2013que cuenta con capitales p\u00fablicos y privados\u2013 tiene el objetivo de alcanzar los 2000 millones de d\u00f3lares en exportaciones.<\/div>\n<div><a href=\"https:\/\/www.promendoza.com\/wp-content\/uploads\/2020\/01\/7.png\"><img loading=\"lazy\" class=\"aligncenter size-full wp-image-9787\" src=\"https:\/\/www.promendoza.com\/wp-content\/uploads\/2020\/01\/7.png\" alt=\"\" width=\"725\" height=\"404\" srcset=\"https:\/\/www.promendoza.com\/wp-content\/uploads\/2020\/01\/7.png 725w, https:\/\/www.promendoza.com\/wp-content\/uploads\/2020\/01\/7-300x167.png 300w, https:\/\/www.promendoza.com\/wp-content\/uploads\/2020\/01\/7-580x323.png 580w\" sizes=\"(max-width: 725px) 100vw, 725px\" \/><\/a><\/div>\n<div>\n<div class=\"row pb-content-type-text\">\n<div class=\"col-xs-12 col-print-12\">\n<p class=\"element element-paragraph\">\u201cEn el \u201896 la provincia aportaba 400 millones de d\u00f3lares, de los cuales 200 eran de petr\u00f3leo y gas, y los otros 200 de vinos y alimentos en general. Hoy, estamos en 1550 millones\u201d, dice Fernando Urdaniz, gerente general de ProMendoza, y agrega que supieron alcanzar su pico m\u00e1ximo de recaudaci\u00f3n entre 2008 y 2009, cuando llegaron a los 1800 millones. Urdaniz, que estuvo desde los inicios del proyecto que hoy ya se convirti\u00f3 de una pol\u00edtica de Estado, explica que para intentar llegar al objetivo trabajan con distintos sectores de la econom\u00eda que van desde el sector vitivin\u00edcola hasta el de la industria metalmec\u00e1nica.<\/p>\n<\/div>\n<\/div>\n<div class=\"row pb-content-type-text\">\n<div class=\"col-xs-12 col-print-12\">\n<p class=\"element element-paragraph\">Mendoza no es la \u00fanica que trabaja con este modelo. En 1998, C\u00f3rdoba inici\u00f3 un esquema similar, un poco m\u00e1s perfeccionado y con mayor presupuesto. En el presente, Salta, Catamarca, San Juan y San Luis son algunas de las provincias que tambi\u00e9n adoptaron o est\u00e1n por adoptar esta idea de agencia que apueste al crecimiento del sector PyME. Seg\u00fan algunos especialistas, esto mismo ya se est\u00e1 replicando en otras partes del mundo y se comenz\u00f3 a transformar en una tendencia global que posee una buena cantidad de recursos econ\u00f3micos, tecnolog\u00eda y profesionales.<\/p>\n<\/div>\n<\/div>\n<div class=\"row pb-content-type-blockquote\">\n<div class=\"col-xs-12\">\n<blockquote class=\"element element-blockquote\"><p>\u00bb Mendoza no es la \u00fanica que trabaja con este modelo. En el 98, C\u00f3rdoba inici\u00f3 un esquema similar y, hoy, Salta, Catamarca, San Juan y San Luis tambi\u00e9n adoptaron \u2013o est\u00e1n por adoptar\u2013 esta idea de agencia que apueste al crecimiento del sector PyME.\u00bb<\/p><\/blockquote>\n<\/div>\n<\/div>\n<div class=\"row pb-content-type-text\">\n<div class=\"col-xs-12 col-print-12\">\n<p class=\"element element-paragraph\">Sandra Neme, due\u00f1a y directora de la consultora MDZ Wine, trabaja asesorando a medianas y peque\u00f1as empresas en todo lo relacionado al comercio exterior. \u201cMi funci\u00f3n es hacerles llegar a ellos las herramientas con las que cuentan desde el sector p\u00fablico, que incluyen desde cr\u00e9ditos a asesoramiento, entre otras cosas\u201d, comenta Neme, y explica que ha visto crecer a empresas que, hace 15 a\u00f1os, \u201cno imaginaban convertirse en exportadoras frecuentes\u201d.<\/p>\n<\/div>\n<\/div>\n<div class=\"row pb-content-type-text\">\n<div class=\"col-xs-12 col-print-12\">\n<p class=\"element element-paragraph\">Para Urdaniz, una de las posibles explicaciones del \u00e9xito est\u00e1 en la continuidad. \u201cEsto se cre\u00f3 en un gobierno justicialista y ahora estamos en un gobierno radical, y as\u00ed hemos pasado varias gestiones, con vaivenes, pero hemos trascendido porque fue una pol\u00edtica de Estado\u201d, afirma y agrega que otro de los secretos est\u00e1 en la capacitaci\u00f3n y profesionalizaci\u00f3n que poseen los hombres y mujeres dedicados a la promoci\u00f3n de estas pr\u00e1cticas.<\/p>\n<p><a href=\"https:\/\/www.promendoza.com\/wp-content\/uploads\/2020\/01\/6.png\"><img loading=\"lazy\" class=\"aligncenter size-full wp-image-9789\" src=\"https:\/\/www.promendoza.com\/wp-content\/uploads\/2020\/01\/6.png\" alt=\"\" width=\"717\" height=\"401\" srcset=\"https:\/\/www.promendoza.com\/wp-content\/uploads\/2020\/01\/6.png 717w, https:\/\/www.promendoza.com\/wp-content\/uploads\/2020\/01\/6-300x168.png 300w, https:\/\/www.promendoza.com\/wp-content\/uploads\/2020\/01\/6-580x324.png 580w\" sizes=\"(max-width: 717px) 100vw, 717px\" \/><\/a><\/p>\n<div class=\"pb-container\">\n<div id=\"cuAnsp1cMIhEIr\" class=\"col-md-8 col-sm-12 col-xs-12 pb-layout-item pb-chain pb-c-list-chain\">\n<div id=\"fJ80jz1cMIhEIr\" class=\"wrapper clearfix full pb-feature pb-layout-item pb-f-article-body no-align\">\n<div id=\"article-body\" class=\"article-body article-body-elements\">\n<div id=\"article-content\">\n<div class=\"row pb-content-type-text\">\n<div class=\"col-xs-12 col-print-12\">\n<p class=\"element element-paragraph\"><a href=\"https:\/\/www.infobae.com\/campo\/2018\/09\/26\/argentina-podra-exportar-carne-de-mayor-calidad-y-precio-a-china\/\">La \u00faltima gira de ProMendoza por China, adem\u00e1s de reforzar las relaciones con el gigante asi\u00e1tico<\/a>, tuvo como principal objetivo inaugurar el\u00a0<i>hub<\/i>\u00a0log\u00edstico que posee Argentina en la ciudad de Shangai. Es decir, un dep\u00f3sito franco que garantiza que el producto \u2013mientras se encuentre all\u00ed\u2013 no pague ning\u00fan impuesto y que ofrece la ventaja de ahorrar y optimizar tiempos de distribuci\u00f3n.<\/p>\n<\/div>\n<\/div>\n<div class=\"row pb-content-type-text\">\n<div class=\"col-xs-12 col-print-12\">\n<p class=\"element element-paragraph\">\u201cEl nuestro es un pa\u00eds que en China, a\u00fan, no est\u00e1 reconocido como un pa\u00eds vitivin\u00edcola, a diferencia de Francia. Y eso es curioso porque muchos ah\u00ed toman vino franc\u00e9s y no saben qu\u00e9 es lo que est\u00e1n tomando. Sin embargo, hemos ganado mucha fuerza en el \u00faltimo tiempo y nos estamos consolidando como un territorio ex\u00f3tico en materia de vinos\u201d, cuenta con orgullo el gerente de la instituci\u00f3n mendocina.<\/p>\n<\/div>\n<\/div>\n<div class=\"row pb-content-type-blockquote\">\n<div class=\"col-xs-12\">\n<blockquote class=\"element element-blockquote\"><p>\u00a0\u2018Esto se cre\u00f3 en un gobierno justicialista y ahora estamos en un gobierno radical, y as\u00ed hemos pasado varias gestiones, con vaivenes, pero hemos trascendido porque fue una pol\u00edtica de Estado\u2019, afirma Urdaniz.<\/p><\/blockquote>\n<\/div>\n<\/div>\n<div class=\"row pb-content-type-text\">\n<div class=\"col-xs-12 col-print-12\">\n<p class=\"element element-paragraph\"><b>Mucho m\u00e1s que vinos<\/b><\/p>\n<\/div>\n<\/div>\n<div class=\"row pb-content-type-text\">\n<div class=\"col-xs-12 col-print-12\">\n<p class=\"element element-paragraph\">\u201cSomos el granero del mundo\u201d y \u201cproducimos alimentos para 400 millones de personas\u201d son dos de las frases que m\u00e1s repitieron los pol\u00edticos argentinos durante la \u00faltima campa\u00f1a presidencial. Sin embargo, ninguna de las sentencias es del todo verificable y eso obliga a repensar la forma de obtener divisas de una forma que no sea la de la producci\u00f3n de alimentos. Tal vez sea por esto que Mendoza apuesta desde hace un tiempo a una industria con poco desarrollo y mucho potencial: la del conocimiento.<\/p>\n<\/div>\n<\/div>\n<div class=\"row pb-content-type-text\">\n<div class=\"col-xs-12 col-print-12\">\n<p class=\"element element-paragraph\">El sector, que cuenta con un importante apoyo econ\u00f3mico y que comprende gesti\u00f3n y conocimiento en el campo creativo, del desarrollo de videojuegos, filmaci\u00f3n de pel\u00edculas, cortometrajes, largometrajes y software, entre otras cosas, se transform\u00f3 en la segunda industria de exportaci\u00f3n y generaci\u00f3n de empleo detr\u00e1s de la vitivin\u00edcola. \u201cSi un pa\u00eds o provincia quiere saltar la barrera exportadora, tiene que incorporar valor a sus exportaciones. No es solo meter vino en la botella o meter alimento en un frasco, sino crear. Crear un videojuego o pel\u00edcula es mucho valor agregado que se genera y es donde el mundo est\u00e1 apuntando\u201d, sostiene Urdaniz.<\/p>\n<\/div>\n<\/div>\n<div class=\"row pb-content-type-text\">\n<div class=\"col-xs-12 col-print-12\">\n<p class=\"element element-paragraph\">Emilio Aguil\u00f3, director de Innovaci\u00f3n y Desarrollo Sostenible del gobierno mendocino, coordina varios programas que buscan ampliar la matriz productiva de la provincia e integrar \u00e1reas de lo que se conoce como la industria del conocimiento. \u201cSe trata de emprendedurismo en sus diferentes fases. Por nuestra parte, nosotros nos preocupamos por incluir el concepto del triple impacto en todo el desarrollo de negocios en la provincia para que los proyectos no s\u00f3lo generan un valor econ\u00f3mico sino que tambi\u00e9n generan un valor social y ambiental\u201d, dice.<\/p>\n<\/div>\n<\/div>\n<div class=\"row pb-content-type-blockquote\">\n<div class=\"col-xs-12\">\n<blockquote class=\"element element-blockquote\"><p>\u00a0\u00abLa industria del conocimiento se transform\u00f3 en el segundo sector con mayor capacidad de exportaci\u00f3n y generaci\u00f3n de empleo, detr\u00e1s del vitivin\u00edcola.\u00bb<\/p><\/blockquote>\n<\/div>\n<\/div>\n<div class=\"row pb-content-type-text\">\n<div class=\"col-xs-12 col-print-12\">\n<p class=\"element element-paragraph\">Mediante \u201cMendogramers\u201d, uno de los planes que lleva adelante la cartera de Aguil\u00f3, se intenta acercar conocimientos digitales en los estudiantes \u2013de los niveles primarios y secundarios\u2013 para que, en caso de iniciarse en alg\u00fan curso de programaci\u00f3n eventualmente, nada de todo este universo les resulte tan extra\u00f1o y que puedan insertarse al mercado laboral de manera m\u00e1s \u00e1gil.<\/p>\n<\/div>\n<\/div>\n<div class=\"row pb-content-type-text\">\n<div class=\"col-xs-12 col-print-12\">\n<p class=\"element element-paragraph\">\u201cLa provincia se ha involucrado mucho en este tema. Por un lado, con una l\u00ednea de financiamiento del BID, creando el Plan Mendoza Tech, con el cual ya se est\u00e1n capacitando (con becas) a mil estudiantes en habilidades tecnol\u00f3gicas y de programaci\u00f3n, por lo que vamos a tener a mil personas nuevas que se van a poder integrar al mercado de trabajo que requiera de estas capacidades\u201d, comenta Aguil\u00f3 y explica que el gobierno inyect\u00f3 poco m\u00e1s de 1170 millones de d\u00f3lares con el objetivo de potenciar el emprendedurismo.<\/p>\n<\/div>\n<\/div>\n<div class=\"row pb-content-type-image\">\n<figure class=\"element element-image col-xs-12\">\n<div class=\"single-image\">\n<div class=\"shares\">\n<div class=\"share-button facebook\" data-url=\"https:\/\/www.infobae.com\/def\/desarrollo\/2020\/01\/11\/mendoza-una-incubadora-de-emprendedores\/%23KDMBXBRTDVGHDOIUEDQUV64UUU\" data-original=\"https:\/\/arc-anglerfish-arc2-prod-infobae.s3.amazonaws.com\/public\/KDMBXBRTDVGHDOIUEDQUV64UUU.jpg\"><\/div>\n<\/div>\n<p><img loading=\"lazy\" id=\"KDMBXBRTDVGHDOIUEDQUV64UUU\" class=\"image-lazy\" src=\"https:\/\/www.infobae.com\/new-resizer\/Sw1yQ56L-Ohtsyc2p-RfkEKywLg=\/750x0\/filters:quality(100)\/arc-anglerfish-arc2-prod-infobae.s3.amazonaws.com\/public\/KDMBXBRTDVGHDOIUEDQUV64UUU.jpg\" alt=\"Para Urdaniz, una de las posibles explicaciones del \u00e9xito est\u00e1 en la continuidad. \u201cEsto se cre\u00f3 en un gobierno justicialista y ahora estamos en un gobierno radical, pero hemos trascendido porque esto fue una pol\u00edtica de Estado\u201d. Foto: Fernando Calzada.\" width=\"750\" height=\"421.875\" data-url=\"https:\/\/www.infobae.com\/def\/desarrollo\/2020\/01\/11\/mendoza-una-incubadora-de-emprendedores\/%23KDMBXBRTDVGHDOIUEDQUV64UUU\" data-original=\"https:\/\/www.infobae.com\/new-resizer\/Sw1yQ56L-Ohtsyc2p-RfkEKywLg=\/750x0\/filters:quality(100)\/arc-anglerfish-arc2-prod-infobae.s3.amazonaws.com\/public\/KDMBXBRTDVGHDOIUEDQUV64UUU.jpg\" \/><\/div>\n<\/figure>\n<\/div>\n<div class=\"row pb-content-type-text\">\n<div class=\"col-xs-12 col-print-12\">\n<p class=\"element element-paragraph\">Desde diferentes organismos gubernamentales, explican que la provincia no puede competir en forma directa con Buenos Aires pero que ya pueden empezar a mirar a C\u00f3rdoba como un \u201cpotencial\u201d rival en todo lo referido a desarrollo emprendedor y\u00a0<i>start-up\u2019s<\/i>: \u201cLa idea es convertirnos en referentes a nivel nacional y regional, ese es nuestro principal desaf\u00edo: ser un hub de innovaci\u00f3n a nivel internacional\u201d.<\/p>\n<\/div>\n<\/div>\n<div class=\"row pb-content-type-text\">\n<div class=\"col-xs-12 col-print-12\">\n<p class=\"element element-paragraph\"><a href=\"https:\/\/www.infobae.com\/campo\/2019\/10\/05\/el-emprendedorismo-la-biotecnologia-y-la-sustentabilidad-los-temas-de-interes-de-los-jovenes-del-agro\/\">Crecer, apoyar e impulsar el desarrollo educativo, comercial y productivo<\/a>. Eso que suena a un\u00a0<i>slogan<\/i>\u00a0de campa\u00f1a pol\u00edtica es, en verdad, lo que est\u00e1 ocurriendo en Mendoza y en varias provincias m\u00e1s. \u00bfEs suficiente? \u00bfSon intentos aislados? Ambas preguntas no tienen una respuesta en lo inmediato; sin embargo, es optimista pensar en que cada vez son m\u00e1s los proyectos de este tipo que comienzan a multiplicarse y a ocupar lugar en la agenda de una sociedad que necesita sentir que existe una soluci\u00f3n posible a problemas que llevan varias d\u00e9cadas sin resolverse.<\/p>\n<\/div>\n<\/div>\n<div class=\"row pb-content-type-text\">\n<div class=\"col-xs-12 col-print-12\"><\/div>\n<\/div>\n<\/div>\n<h4 class=\"related-tags\">Fuente: Infobae<\/h4>\n<\/div>\n<\/div>\n<\/div>\n<\/div>\n<\/div>\n<\/div>\n<\/div>\n<\/div>\n<\/div>\n","protected":false},"excerpt":{"rendered":"<p>En la provincia cuyana existe un plan que apoya proyectos y sostiene la econom\u00eda regional. \u00bfEs posible aplicarlo en todo la Argentina? Argentina y el crecimiento, Argentina y los d\u00f3lares,&#8230;<\/p>\n","protected":false},"author":1,"featured_media":9790,"comment_status":"closed","ping_status":"open","sticky":false,"template":"","format":"image","meta":[],"categories":[3],"tags":[],"_links":{"self":[{"href":"https:\/\/www.promendoza.com\/es\/wp-json\/wp\/v2\/posts\/9786"}],"collection":[{"href":"https:\/\/www.promendoza.com\/es\/wp-json\/wp\/v2\/posts"}],"about":[{"href":"https:\/\/www.promendoza.com\/es\/wp-json\/wp\/v2\/types\/post"}],"author":[{"embeddable":true,"href":"https:\/\/www.promendoza.com\/es\/wp-json\/wp\/v2\/users\/1"}],"replies":[{"embeddable":true,"href":"https:\/\/www.promendoza.com\/es\/wp-json\/wp\/v2\/comments?post=9786"}],"version-history":[{"count":1,"href":"https:\/\/www.promendoza.com\/es\/wp-json\/wp\/v2\/posts\/9786\/revisions"}],"predecessor-version":[{"id":9791,"href":"https:\/\/www.promendoza.com\/es\/wp-json\/wp\/v2\/posts\/9786\/revisions\/9791"}],"wp:featuredmedia":[{"embeddable":true,"href":"https:\/\/www.promendoza.com\/es\/wp-json\/wp\/v2\/media\/9790"}],"wp:attachment":[{"href":"https:\/\/www.promendoza.com\/es\/wp-json\/wp\/v2\/media?parent=9786"}],"wp:term":[{"taxonomy":"category","embeddable":true,"href":"https:\/\/www.promendoza.com\/es\/wp-json\/wp\/v2\/categories?post=9786"},{"taxonomy":"post_tag","embeddable":true,"href":"https:\/\/www.promendoza.com\/es\/wp-json\/wp\/v2\/tags?post=9786"}],"curies":[{"name":"wp","href":"https:\/\/api.w.org\/{rel}","templated":true}]}}